{"id":923,"date":"2019-01-03T08:59:23","date_gmt":"2019-01-03T08:59:23","guid":{"rendered":"http:\/\/redextremaduraverde.org\/web\/?p=923"},"modified":"2019-01-03T08:59:23","modified_gmt":"2019-01-03T08:59:23","slug":"elaboracion-de-jabones-naturales-en-villar-del-rey","status":"publish","type":"post","link":"https:\/\/www.redextremaduraverde.org\/web\/elaboracion-de-jabones-naturales-en-villar-del-rey\/","title":{"rendered":"Elaboraci\u00f3n de jabones naturales en Villar del Rey"},"content":{"rendered":"<h2>Entidad: Universidad Popular de Villar del Rey<\/h2>\n<p>Direcci\u00f3n postal de la entidad: C\/ Emilio Rivero, 62<br \/>\nCorreo electr\u00f3nico de contacto: universidadpopular@villardelrey.es<br \/>\nTel\u00e9fono de contacto: 637896655<\/p>\n<h2>Descripci\u00f3n de la actividad<\/h2>\n<p>Nombre de la experiencia: Elaboraci\u00f3n de jabones naturales<br \/>\nLugar de realizaci\u00f3n: Casa de la cultura<br \/>\nFecha de realizaci\u00f3n: 11\/07\/2018<\/p>\n<h4>Justificaci\u00f3n<\/h4>\n<p>Actividad programada en el marco del programa Casas de Cultura Verde. Red de Municipios Verdes.<\/p>\n<h4>Objetivos:<\/h4>\n<p>Proporcionar los conocimientos b\u00e1sico para la elaboraci\u00f3n de jabones artesanales con aceites usados con la t\u00e9cnica del proceso en fr\u00edo y as\u00ed poner de manifiesto la importancia de la econom\u00eda circular.<\/p>\n<h4>Destinatarios \/ participantes:<\/h4>\n<p>Poblaci\u00f3n en General<\/p>\n<h4>N\u00famero total de participantes:<\/h4>\n<p>30<\/p>\n<h4>Descripci\u00f3n de la actividad:<\/h4>\n<p>Sesi\u00f3n presencial de elaboraci\u00f3n de jabones artesanales mediante aceites reciclados y con t\u00e9cnicas tradicionales, precedida de una charla previa sobre la estrategia Extremadura 2030.<\/p>\n<h4>Evaluaci\u00f3n de la actividad:<\/h4>\n<p>Muy satisfactoria<\/p>\n","protected":false},"excerpt":{"rendered":"<p>Entidad: Universidad Popular de Villar del Rey Direcci\u00f3n postal de la entidad: C\/ Emilio Rivero, 62 Correo electr\u00f3nico de contacto: universidadpopular@villardelrey.es Tel\u00e9fono de contacto: 637896655 Descripci\u00f3n de la actividad Nombre de la experiencia: Elaboraci\u00f3n de jabones naturales Lugar de realizaci\u00f3n: Casa de la cultura Fecha de realizaci\u00f3n: 11\/07\/2018 Justificaci\u00f3n Actividad programada en el marco del programa Casas de Cultura Verde. Red de Municipios Verdes. Objetivos: Proporcionar los conocimientos b\u00e1sico para la elaboraci\u00f3n de jabones artesanales con aceites usados con la&hellip;<\/p>\n","protected":false},"author":3,"featured_media":924,"comment_status":"closed","ping_status":"closed","sticky":false,"template":"","format":"standard","meta":{"jetpack_post_was_ever_published":false,"_jetpack_newsletter_access":"","_jetpack_dont_email_post_to_subs":false,"_jetpack_newsletter_tier_id":0,"_jetpack_memberships_contains_paywalled_content":false,"_jetpack_memberships_contains_paid_content":false,"footnotes":""},"categories":[5],"tags":[29],"class_list":["post-923","post","type-post","status-publish","format-standard","has-post-thumbnail","hentry","category-iniciativas-verdes","tag-villar-del-rey","post-has-thumbnail"],"jetpack_featured_media_url":"https:\/\/www.redextremaduraverde.org\/web\/wp-content\/uploads\/2019\/01\/Captura-de-pantalla-de-2018-10-09-12-49-55.redimensionado.png","jetpack_sharing_enabled":true,"jetpack_shortlink":"https:\/\/wp.me\/p9MpCs-eT","_links":{"self":[{"href":"https:\/\/www.redextremaduraverde.org\/web\/wp-json\/wp\/v2\/posts\/923","targetHints":{"allow":["GET"]}}],"collection":[{"href":"https:\/\/www.redextremaduraverde.org\/web\/wp-json\/wp\/v2\/posts"}],"about":[{"href":"https:\/\/www.redextremaduraverde.org\/web\/wp-json\/wp\/v2\/types\/post"}],"author":[{"embeddable":true,"href":"https:\/\/www.redextremaduraverde.org\/web\/wp-json\/wp\/v2\/users\/3"}],"replies":[{"embeddable":true,"href":"https:\/\/www.redextremaduraverde.org\/web\/wp-json\/wp\/v2\/comments?post=923"}],"version-history":[{"count":1,"href":"https:\/\/www.redextremaduraverde.org\/web\/wp-json\/wp\/v2\/posts\/923\/revisions"}],"predecessor-version":[{"id":925,"href":"https:\/\/www.redextremaduraverde.org\/web\/wp-json\/wp\/v2\/posts\/923\/revisions\/925"}],"wp:featuredmedia":[{"embeddable":true,"href":"https:\/\/www.redextremaduraverde.org\/web\/wp-json\/wp\/v2\/media\/924"}],"wp:attachment":[{"href":"https:\/\/www.redextremaduraverde.org\/web\/wp-json\/wp\/v2\/media?parent=923"}],"wp:term":[{"taxonomy":"category","embeddable":true,"href":"https:\/\/www.redextremaduraverde.org\/web\/wp-json\/wp\/v2\/categories?post=923"},{"taxonomy":"post_tag","embeddable":true,"href":"https:\/\/www.redextremaduraverde.org\/web\/wp-json\/wp\/v2\/tags?post=923"}],"curies":[{"name":"wp","href":"https:\/\/api.w.org\/{rel}","templated":true}]}}