{"id":847,"date":"2018-07-30T11:58:29","date_gmt":"2018-07-30T11:58:29","guid":{"rendered":"http:\/\/redextremaduraverde.org\/web\/?p=847"},"modified":"2018-07-30T12:09:24","modified_gmt":"2018-07-30T12:09:24","slug":"huerto-ecologico-en-casar-de-caceres","status":"publish","type":"post","link":"https:\/\/www.redextremaduraverde.org\/web\/huerto-ecologico-en-casar-de-caceres\/","title":{"rendered":"Huerto ecol\u00f3gico en Casar de C\u00e1ceres"},"content":{"rendered":"<h2>Entidad: UNIVERSIDAD POPULAR HELENIDAS DE SALMINA DE CASAR DE C\u00c1CERES<\/h2>\n<p>Direcci\u00f3n postal de la entidad: BARRIADA DE LA DIPUTACI\u00d3N S\/N<br \/>\nCorreo electr\u00f3nico de contacto: updireccion@casardecaceres.com<br \/>\nTel\u00e9fono de contacto: 927290008<\/p>\n<h2>Descripci\u00f3n de la actividad<\/h2>\n<p>Nombre de la experiencia: HUERTO ECOLOGICO<br \/>\nLugar de realizaci\u00f3n: Invernaderos municipales<br \/>\nFecha de realizaci\u00f3n: JUNIO 2018<\/p>\n<h4>Justificaci\u00f3n<\/h4>\n<p>Actividad realizada en el marco del programa Casas de Cultura Verde. Red de Municipios Verdes.<\/p>\n<h4>Objetivos:<\/h4>\n<p>Descubrir los principios b\u00e1sico sobre c\u00f3mo producir hortalizas en un patio, terraza o balc\u00f3n as\u00ed como sus principales beneficios.<\/p>\n<h4>Destinatarios \/ participantes:<\/h4>\n<p>Poblaci\u00f3n adulta<\/p>\n<p><strong>N\u00famero total de participantes:<\/strong><br \/>\n6<\/p>\n<h4>Descripci\u00f3n de la actividad:<\/h4>\n<p>Puesta en marcha de un huerto ecol\u00f3gico para peque\u00f1as superficies, mantenimiento y cuidados del mismo.<br \/>\nEsta actividad se fundament\u00f3 en los principios b\u00e1sicos sobre c\u00f3mo producir hortalizas en un patio, terraza o balc\u00f3n; los beneficios y tipos de huerto en casa y c\u00f3mo hacerlo ecol\u00f3gico; los elementos indispensables para poner en marcha el huerto: recipientes, sustratos, semillas y sistemas de riego; el manejo fundamental del huerto: control de plagas y enfermedades, elaboraci\u00f3n de semilleros, cuidados necesarios,\u2026etc; as\u00ed como las caracter\u00edsticas de los cultivos m\u00e1s habituales.<\/p>\n<h4>Evaluaci\u00f3n de la actividad:<\/h4>\n<p>Muy satisfactoria<\/p>\n","protected":false},"excerpt":{"rendered":"<p>Entidad: UNIVERSIDAD POPULAR HELENIDAS DE SALMINA DE CASAR DE C\u00c1CERES Direcci\u00f3n postal de la entidad: BARRIADA DE LA DIPUTACI\u00d3N S\/N Correo electr\u00f3nico de contacto: updireccion@casardecaceres.com Tel\u00e9fono de contacto: 927290008 Descripci\u00f3n de la actividad Nombre de la experiencia: HUERTO ECOLOGICO Lugar de realizaci\u00f3n: Invernaderos municipales Fecha de realizaci\u00f3n: JUNIO 2018 Justificaci\u00f3n Actividad realizada en el marco del programa Casas de Cultura Verde. Red de Municipios Verdes. Objetivos: Descubrir los principios b\u00e1sico sobre c\u00f3mo producir hortalizas en un patio, terraza o balc\u00f3n&hellip;<\/p>\n","protected":false},"author":3,"featured_media":519,"comment_status":"closed","ping_status":"closed","sticky":false,"template":"","format":"standard","meta":{"jetpack_post_was_ever_published":false,"_jetpack_newsletter_access":"","_jetpack_dont_email_post_to_subs":false,"_jetpack_newsletter_tier_id":0,"_jetpack_memberships_contains_paywalled_content":false,"_jetpack_memberships_contains_paid_content":false,"footnotes":""},"categories":[5],"tags":[27],"class_list":["post-847","post","type-post","status-publish","format-standard","has-post-thumbnail","hentry","category-iniciativas-verdes","tag-casar-de-caceres","post-has-thumbnail"],"jetpack_featured_media_url":"https:\/\/www.redextremaduraverde.org\/web\/wp-content\/uploads\/2017\/09\/campo.jpg","jetpack_sharing_enabled":true,"jetpack_shortlink":"https:\/\/wp.me\/p9MpCs-dF","_links":{"self":[{"href":"https:\/\/www.redextremaduraverde.org\/web\/wp-json\/wp\/v2\/posts\/847","targetHints":{"allow":["GET"]}}],"collection":[{"href":"https:\/\/www.redextremaduraverde.org\/web\/wp-json\/wp\/v2\/posts"}],"about":[{"href":"https:\/\/www.redextremaduraverde.org\/web\/wp-json\/wp\/v2\/types\/post"}],"author":[{"embeddable":true,"href":"https:\/\/www.redextremaduraverde.org\/web\/wp-json\/wp\/v2\/users\/3"}],"replies":[{"embeddable":true,"href":"https:\/\/www.redextremaduraverde.org\/web\/wp-json\/wp\/v2\/comments?post=847"}],"version-history":[{"count":1,"href":"https:\/\/www.redextremaduraverde.org\/web\/wp-json\/wp\/v2\/posts\/847\/revisions"}],"predecessor-version":[{"id":848,"href":"https:\/\/www.redextremaduraverde.org\/web\/wp-json\/wp\/v2\/posts\/847\/revisions\/848"}],"wp:featuredmedia":[{"embeddable":true,"href":"https:\/\/www.redextremaduraverde.org\/web\/wp-json\/wp\/v2\/media\/519"}],"wp:attachment":[{"href":"https:\/\/www.redextremaduraverde.org\/web\/wp-json\/wp\/v2\/media?parent=847"}],"wp:term":[{"taxonomy":"category","embeddable":true,"href":"https:\/\/www.redextremaduraverde.org\/web\/wp-json\/wp\/v2\/categories?post=847"},{"taxonomy":"post_tag","embeddable":true,"href":"https:\/\/www.redextremaduraverde.org\/web\/wp-json\/wp\/v2\/tags?post=847"}],"curies":[{"name":"wp","href":"https:\/\/api.w.org\/{rel}","templated":true}]}}