{"id":844,"date":"2018-07-30T11:56:36","date_gmt":"2018-07-30T11:56:36","guid":{"rendered":"http:\/\/redextremaduraverde.org\/web\/?p=844"},"modified":"2018-07-30T11:56:36","modified_gmt":"2018-07-30T11:56:36","slug":"exposicion-3d-en-casar-de-caceres","status":"publish","type":"post","link":"https:\/\/www.redextremaduraverde.org\/web\/exposicion-3d-en-casar-de-caceres\/","title":{"rendered":"Exposici\u00f3n 3d en Casar de C\u00e1ceres"},"content":{"rendered":"<h2>Entidad: UNIVERSIDAD POPULAR HELENIDAS DE SALMINA DE CASAR DE C\u00c1CERES<\/h2>\n<p>Responsable t\u00e9cnico de la experiencia: ISABEL CACERES<br \/>\nDirecci\u00f3n postal de la entidad: BARRIADA DE LA DIPUTACI\u00d3N S\/N<br \/>\nCorreo electr\u00f3nico de contacto: updireccion@casardecaceres.com<br \/>\nTel\u00e9fono de contacto: 927290008<\/p>\n<h2>Descripci\u00f3n de la actividad<\/h2>\n<p>Nombre de la experiencia: EXPOSICI\u00d3N 3D \u00abEL CICLO DE LA VIDA DE LOS RESIDUOS\u00bb<br \/>\nLugar de realizaci\u00f3n: UNIVERSIDAD POPULAR HELENIDAS DE SALAMINA<br \/>\nFecha de realizaci\u00f3n: JUNIO 2018<\/p>\n<h4>Justificaci\u00f3n<\/h4>\n<p>Actividad realizada en el marco del programa Casas de Cultura Verde. Red de Municipios Verdes con motivo del d\u00eda Mundial del Medio Ambiente.<\/p>\n<h4>Objetivos:<\/h4>\n<ul>\n<li>Mostrar el Ciclo de la Vida de los Residuos, lo que generamos, tratamiento y la labor que realizan para el medio ambiente.<\/li>\n<li>Destinatarios \/ participantes:<\/li>\n<li>Poblaci\u00f3n en General<\/li>\n<\/ul>\n<p><strong>N\u00famero total de participantes:<\/strong><br \/>\n100<\/p>\n<h4>Descripci\u00f3n de la actividad:<\/h4>\n<p>Esta exposici\u00f3n cuenta con unas gafas 3D a trav\u00e9s de las cuales se pod\u00edan ver las im\u00e1genes y leer todo lo referido a los residuos y c\u00f3mo la empresa GESPESA trabaja con ellos cumpliendo una doble misi\u00f3n: eliminando residuos dom\u00e9sticos y similares, no peligrosos, y poniendo en marcha la circulaci\u00f3n de los elementos recuperables, as\u00ed consiguen ahorrar en materia prima que la sociedad pueda necesitar m\u00e1s adelante.<\/p>\n<h4>Evaluaci\u00f3n de la actividad:<\/h4>\n<p>Muy satisfactoria.<\/p>\n","protected":false},"excerpt":{"rendered":"<p>Entidad: UNIVERSIDAD POPULAR HELENIDAS DE SALMINA DE CASAR DE C\u00c1CERES Responsable t\u00e9cnico de la experiencia: ISABEL CACERES Direcci\u00f3n postal de la entidad: BARRIADA DE LA DIPUTACI\u00d3N S\/N Correo electr\u00f3nico de contacto: updireccion@casardecaceres.com Tel\u00e9fono de contacto: 927290008 Descripci\u00f3n de la actividad Nombre de la experiencia: EXPOSICI\u00d3N 3D \u00abEL CICLO DE LA VIDA DE LOS RESIDUOS\u00bb Lugar de realizaci\u00f3n: UNIVERSIDAD POPULAR HELENIDAS DE SALAMINA Fecha de realizaci\u00f3n: JUNIO 2018 Justificaci\u00f3n Actividad realizada en el marco del programa Casas de Cultura Verde. Red&hellip;<\/p>\n","protected":false},"author":3,"featured_media":845,"comment_status":"closed","ping_status":"closed","sticky":false,"template":"","format":"standard","meta":{"jetpack_post_was_ever_published":false,"_jetpack_newsletter_access":"","_jetpack_dont_email_post_to_subs":false,"_jetpack_newsletter_tier_id":0,"_jetpack_memberships_contains_paywalled_content":false,"_jetpack_memberships_contains_paid_content":false,"footnotes":""},"categories":[5],"tags":[27],"class_list":["post-844","post","type-post","status-publish","format-standard","has-post-thumbnail","hentry","category-iniciativas-verdes","tag-casar-de-caceres","post-has-thumbnail"],"jetpack_featured_media_url":"https:\/\/www.redextremaduraverde.org\/web\/wp-content\/uploads\/2018\/07\/Captura-de-pantalla-2018-07-30-a-las-13.56.12.png","jetpack_sharing_enabled":true,"jetpack_shortlink":"https:\/\/wp.me\/p9MpCs-dC","_links":{"self":[{"href":"https:\/\/www.redextremaduraverde.org\/web\/wp-json\/wp\/v2\/posts\/844","targetHints":{"allow":["GET"]}}],"collection":[{"href":"https:\/\/www.redextremaduraverde.org\/web\/wp-json\/wp\/v2\/posts"}],"about":[{"href":"https:\/\/www.redextremaduraverde.org\/web\/wp-json\/wp\/v2\/types\/post"}],"author":[{"embeddable":true,"href":"https:\/\/www.redextremaduraverde.org\/web\/wp-json\/wp\/v2\/users\/3"}],"replies":[{"embeddable":true,"href":"https:\/\/www.redextremaduraverde.org\/web\/wp-json\/wp\/v2\/comments?post=844"}],"version-history":[{"count":1,"href":"https:\/\/www.redextremaduraverde.org\/web\/wp-json\/wp\/v2\/posts\/844\/revisions"}],"predecessor-version":[{"id":846,"href":"https:\/\/www.redextremaduraverde.org\/web\/wp-json\/wp\/v2\/posts\/844\/revisions\/846"}],"wp:featuredmedia":[{"embeddable":true,"href":"https:\/\/www.redextremaduraverde.org\/web\/wp-json\/wp\/v2\/media\/845"}],"wp:attachment":[{"href":"https:\/\/www.redextremaduraverde.org\/web\/wp-json\/wp\/v2\/media?parent=844"}],"wp:term":[{"taxonomy":"category","embeddable":true,"href":"https:\/\/www.redextremaduraverde.org\/web\/wp-json\/wp\/v2\/categories?post=844"},{"taxonomy":"post_tag","embeddable":true,"href":"https:\/\/www.redextremaduraverde.org\/web\/wp-json\/wp\/v2\/tags?post=844"}],"curies":[{"name":"wp","href":"https:\/\/api.w.org\/{rel}","templated":true}]}}