{"id":831,"date":"2018-07-26T08:10:24","date_gmt":"2018-07-26T08:10:24","guid":{"rendered":"http:\/\/redextremaduraverde.org\/web\/?p=831"},"modified":"2018-07-26T08:10:24","modified_gmt":"2018-07-26T08:10:24","slug":"ruta-senderista-pena-buraca-en-piedras-albas","status":"publish","type":"post","link":"https:\/\/www.redextremaduraverde.org\/web\/ruta-senderista-pena-buraca-en-piedras-albas\/","title":{"rendered":"Ruta senderista Pe\u00f1a Buraca en Piedras Albas"},"content":{"rendered":"<h2>Entidad: UNIVERSIDAD POPULAR DE PIEDRAS ALBAS<\/h2>\n<p>Direcci\u00f3n postal de la entidad: Calle Aduana, 2<br \/>\nCorreo electr\u00f3nico de contacto: registroayto@piedrasalbas.es<br \/>\nTel\u00e9fono de contacto: 927.39.02.52<\/p>\n<h2>Descripci\u00f3n de la actividad<\/h2>\n<p>Nombre de la experiencia: RUTA SENDERISTA PE\u00d1A BURACA<br \/>\nLugar de realizaci\u00f3n: PE\u00d1A BURACA-Canchal de los 2 ojos.<br \/>\nFecha de realizaci\u00f3n: 26\/06\/2018<\/p>\n<h4>Justificaci\u00f3n<\/h4>\n<p>Actividad enmarcada en el proyecto Casas de Cultura, Red de Municipios Verdes.<\/p>\n<h4>Objetivos:<\/h4>\n<ul>\n<li>Dar a conocer la zona de la Pe\u00f1a Buraca-Canchal de los dos ojos, explicando el entorno natural que rodea esta Pe\u00f1a, declarada de Inter\u00e9s Cultural.<\/li>\n<li>Interactuar con la Naturaleza y el entorno natural.<\/li>\n<\/ul>\n<h4>Destinatarios \/ participantes:<\/h4>\n<p>Poblaci\u00f3n en general<\/p>\n<p><strong>N\u00famero total de participantes:<\/strong><\/p>\n<p>20<\/p>\n<h4>Descripci\u00f3n de la actividad:<\/h4>\n<p>Ruta de 3.5km que comenz\u00f3 en el plaza principal de Piedras albas y finaliz\u00f3 en el Canchal de los dos ojos, atravesando la arbolada t\u00edpica de la zona, encinas, canchales\u2026.. Durante la actividad se inform\u00f3, a trav\u00e9s de los monitores responsables de la actividad, a los participantes sobre el valor de este bien natural y se integraron conceptos relacionados con la econom\u00eda verde y circular<\/p>\n<h4>Evaluaci\u00f3n de la actividad:<\/h4>\n<p>Los participantes quedaron muy satisfechos y contentos con la experiencia.<\/p>\n","protected":false},"excerpt":{"rendered":"<p>Entidad: UNIVERSIDAD POPULAR DE PIEDRAS ALBAS Direcci\u00f3n postal de la entidad: Calle Aduana, 2 Correo electr\u00f3nico de contacto: registroayto@piedrasalbas.es Tel\u00e9fono de contacto: 927.39.02.52 Descripci\u00f3n de la actividad Nombre de la experiencia: RUTA SENDERISTA PE\u00d1A BURACA Lugar de realizaci\u00f3n: PE\u00d1A BURACA-Canchal de los 2 ojos. Fecha de realizaci\u00f3n: 26\/06\/2018 Justificaci\u00f3n Actividad enmarcada en el proyecto Casas de Cultura, Red de Municipios Verdes. Objetivos: Dar a conocer la zona de la Pe\u00f1a Buraca-Canchal de los dos ojos, explicando el entorno natural que&hellip;<\/p>\n","protected":false},"author":3,"featured_media":832,"comment_status":"closed","ping_status":"closed","sticky":false,"template":"","format":"standard","meta":{"jetpack_post_was_ever_published":false,"_jetpack_newsletter_access":"","_jetpack_dont_email_post_to_subs":false,"_jetpack_newsletter_tier_id":0,"_jetpack_memberships_contains_paywalled_content":false,"_jetpack_memberships_contains_paid_content":false,"footnotes":""},"categories":[5],"tags":[18],"class_list":["post-831","post","type-post","status-publish","format-standard","has-post-thumbnail","hentry","category-iniciativas-verdes","tag-piedras-albas","post-has-thumbnail"],"jetpack_featured_media_url":"https:\/\/www.redextremaduraverde.org\/web\/wp-content\/uploads\/2018\/07\/Captura-de-pantalla-2018-07-26-a-las-10.08.17.png","jetpack_sharing_enabled":true,"jetpack_shortlink":"https:\/\/wp.me\/p9MpCs-dp","_links":{"self":[{"href":"https:\/\/www.redextremaduraverde.org\/web\/wp-json\/wp\/v2\/posts\/831","targetHints":{"allow":["GET"]}}],"collection":[{"href":"https:\/\/www.redextremaduraverde.org\/web\/wp-json\/wp\/v2\/posts"}],"about":[{"href":"https:\/\/www.redextremaduraverde.org\/web\/wp-json\/wp\/v2\/types\/post"}],"author":[{"embeddable":true,"href":"https:\/\/www.redextremaduraverde.org\/web\/wp-json\/wp\/v2\/users\/3"}],"replies":[{"embeddable":true,"href":"https:\/\/www.redextremaduraverde.org\/web\/wp-json\/wp\/v2\/comments?post=831"}],"version-history":[{"count":1,"href":"https:\/\/www.redextremaduraverde.org\/web\/wp-json\/wp\/v2\/posts\/831\/revisions"}],"predecessor-version":[{"id":833,"href":"https:\/\/www.redextremaduraverde.org\/web\/wp-json\/wp\/v2\/posts\/831\/revisions\/833"}],"wp:featuredmedia":[{"embeddable":true,"href":"https:\/\/www.redextremaduraverde.org\/web\/wp-json\/wp\/v2\/media\/832"}],"wp:attachment":[{"href":"https:\/\/www.redextremaduraverde.org\/web\/wp-json\/wp\/v2\/media?parent=831"}],"wp:term":[{"taxonomy":"category","embeddable":true,"href":"https:\/\/www.redextremaduraverde.org\/web\/wp-json\/wp\/v2\/categories?post=831"},{"taxonomy":"post_tag","embeddable":true,"href":"https:\/\/www.redextremaduraverde.org\/web\/wp-json\/wp\/v2\/tags?post=831"}],"curies":[{"name":"wp","href":"https:\/\/api.w.org\/{rel}","templated":true}]}}