{"id":824,"date":"2018-07-26T08:04:06","date_gmt":"2018-07-26T08:04:06","guid":{"rendered":"http:\/\/redextremaduraverde.org\/web\/?p=824"},"modified":"2019-11-22T10:47:06","modified_gmt":"2019-11-22T10:47:06","slug":"punto-de-informacion-verde-en-calamonte","status":"publish","type":"post","link":"https:\/\/www.redextremaduraverde.org\/web\/punto-de-informacion-verde-en-calamonte\/","title":{"rendered":"Punto de informaci\u00f3n verde en Calamonte"},"content":{"rendered":"<h2>Entidad: UNIVERSIDAD POPULAR MELENDEZ PELAYO MORENO DE CALAMONTE<\/h2>\n<p>Direcci\u00f3n postal de la entidad: C\/ Doctor Mara\u00f1\u00f3n, 3<br \/>\nCorreo electr\u00f3nico de contacto: upcalamonte@yahoo.es<br \/>\nTel\u00e9fono de contacto: 924 323600<\/p>\n<h2>Descripci\u00f3n de la actividad<\/h2>\n<p>Nombre de la experiencia: PUNTO DE INFORMACI\u00d3N VERDE<br \/>\nLugar de realizaci\u00f3n: CASA DE LA CULTURA-UNIVERSIDAD POPULAR<br \/>\nFecha de realizaci\u00f3n: JUNIO 2018<\/p>\n<h4>Justificaci\u00f3n<\/h4>\n<p>Actividad realizada en el marco del programa Casas de Cultura Verde. Red de Municipios Verdes<\/p>\n<h4>Objetivos:<\/h4>\n<ul>\n<li>Organizar y desarrollar una campa\u00f1a permanente de promoci\u00f3n y difusi\u00f3n.<\/li>\n<li>Fomentar la participaci\u00f3n ciudadana para la mejora de nuestro entorno inmediato y la conservaci\u00f3n de la naturaleza.<\/li>\n<li>Sensibilizar a la poblaci\u00f3n de Calamonte sobre la econom\u00eda circular verde.<\/li>\n<\/ul>\n<h4>Destinatarios \/ participantes:<\/h4>\n<p>Poblaci\u00f3n en general<\/p>\n<p><strong>N\u00famero total de participantes:<\/strong><br \/>\n3300<\/p>\n<h4>Descripci\u00f3n de la actividad:<\/h4>\n<p>Punto de informaci\u00f3n f\u00edsico y virtual ubicado en la sede de la Universidad Popular (en el hall) con informaci\u00f3n (folletos, boletines, carteles y otra documentaci\u00f3n) relacionada con la Estrategia 2030, econom\u00eda verde y cicular&#8230; Igualmente se dar\u00e1 difusi\u00f3n y propondr\u00e1n actividades espec\u00edficas.<\/p>\n<h4>Evaluaci\u00f3n de la actividad:<\/h4>\n<p>Gran acogida y participaci\u00f3n pro parte de la poblaci\u00f3n, especialmente por parte de los participantes en las diferentes actividades que desde la UP se llevan a cabo.<\/p>\n","protected":false},"excerpt":{"rendered":"<p>Entidad: UNIVERSIDAD POPULAR MELENDEZ PELAYO MORENO DE CALAMONTE Direcci\u00f3n postal de la entidad: C\/ Doctor Mara\u00f1\u00f3n, 3 Correo electr\u00f3nico de contacto: upcalamonte@yahoo.es Tel\u00e9fono de contacto: 924 323600 Descripci\u00f3n de la actividad Nombre de la experiencia: PUNTO DE INFORMACI\u00d3N VERDE Lugar de realizaci\u00f3n: CASA DE LA CULTURA-UNIVERSIDAD POPULAR Fecha de realizaci\u00f3n: JUNIO 2018 Justificaci\u00f3n Actividad realizada en el marco del programa Casas de Cultura Verde. Red de Municipios Verdes Objetivos: Organizar y desarrollar una campa\u00f1a permanente de promoci\u00f3n y difusi\u00f3n. Fomentar&hellip;<\/p>\n","protected":false},"author":3,"featured_media":826,"comment_status":"closed","ping_status":"closed","sticky":false,"template":"","format":"standard","meta":{"jetpack_post_was_ever_published":false,"_jetpack_newsletter_access":"","_jetpack_dont_email_post_to_subs":false,"_jetpack_newsletter_tier_id":0,"_jetpack_memberships_contains_paywalled_content":false,"_jetpack_memberships_contains_paid_content":false,"footnotes":""},"categories":[5],"tags":[32],"class_list":["post-824","post","type-post","status-publish","format-standard","has-post-thumbnail","hentry","category-iniciativas-verdes","tag-calamonte","post-has-thumbnail"],"jetpack_featured_media_url":"https:\/\/www.redextremaduraverde.org\/web\/wp-content\/uploads\/2018\/07\/20180706_083505.redimensionado.jpg","jetpack_sharing_enabled":true,"jetpack_shortlink":"https:\/\/wp.me\/p9MpCs-di","_links":{"self":[{"href":"https:\/\/www.redextremaduraverde.org\/web\/wp-json\/wp\/v2\/posts\/824","targetHints":{"allow":["GET"]}}],"collection":[{"href":"https:\/\/www.redextremaduraverde.org\/web\/wp-json\/wp\/v2\/posts"}],"about":[{"href":"https:\/\/www.redextremaduraverde.org\/web\/wp-json\/wp\/v2\/types\/post"}],"author":[{"embeddable":true,"href":"https:\/\/www.redextremaduraverde.org\/web\/wp-json\/wp\/v2\/users\/3"}],"replies":[{"embeddable":true,"href":"https:\/\/www.redextremaduraverde.org\/web\/wp-json\/wp\/v2\/comments?post=824"}],"version-history":[{"count":2,"href":"https:\/\/www.redextremaduraverde.org\/web\/wp-json\/wp\/v2\/posts\/824\/revisions"}],"predecessor-version":[{"id":1299,"href":"https:\/\/www.redextremaduraverde.org\/web\/wp-json\/wp\/v2\/posts\/824\/revisions\/1299"}],"wp:featuredmedia":[{"embeddable":true,"href":"https:\/\/www.redextremaduraverde.org\/web\/wp-json\/wp\/v2\/media\/826"}],"wp:attachment":[{"href":"https:\/\/www.redextremaduraverde.org\/web\/wp-json\/wp\/v2\/media?parent=824"}],"wp:term":[{"taxonomy":"category","embeddable":true,"href":"https:\/\/www.redextremaduraverde.org\/web\/wp-json\/wp\/v2\/categories?post=824"},{"taxonomy":"post_tag","embeddable":true,"href":"https:\/\/www.redextremaduraverde.org\/web\/wp-json\/wp\/v2\/tags?post=824"}],"curies":[{"name":"wp","href":"https:\/\/api.w.org\/{rel}","templated":true}]}}