{"id":801,"date":"2018-07-25T07:19:14","date_gmt":"2018-07-25T07:19:14","guid":{"rendered":"http:\/\/redextremaduraverde.org\/web\/?p=801"},"modified":"2018-07-25T07:19:14","modified_gmt":"2018-07-25T07:19:14","slug":"concurso-de-fotografia-en-olivenza-2","status":"publish","type":"post","link":"https:\/\/www.redextremaduraverde.org\/web\/concurso-de-fotografia-en-olivenza-2\/","title":{"rendered":"Concurso de fotograf\u00eda en Olivenza"},"content":{"rendered":"<h2>Entidad: UNIVERSIDAD POPULAR DE OLIVENZA<\/h2>\n<p>Direcci\u00f3n postal de la entidad: Calle Hern\u00e1n Cort\u00e9s, s\/n<br \/>\nCorreo electr\u00f3nico de contacto: upolivenza@hotmail.com<br \/>\nTel\u00e9fono de contacto: 924 492068 \/ 697165181<\/p>\n<h2>Descripci\u00f3n de la actividad<\/h2>\n<p>Nombre de la experiencia: II CONCURSO DE FOTOGRAFIA DEL MEDIO AMBIENTE<br \/>\nLugar de realizaci\u00f3n: ENTORNO DE OLIVENZA<br \/>\nFecha de realizaci\u00f3n: MAYO Y JUNIO 2018<\/p>\n<h4>Justificaci\u00f3n<\/h4>\n<p>Con motivo de la celebraci\u00f3n del D\u00eda Mundial del Medio Ambiente, se realiza un concurso de fotograf\u00eda con la tem\u00e1tica del Medio Ambiente<\/p>\n<h4>Objetivos:<\/h4>\n<p>Promover el papel fundamental de las personas en el cuidado del medio ambiente, trasladando la necesidad de convertirse en agentes activos del desarrollo sostenible.<\/p>\n<h4>Destinatarios \/ participantes:<\/h4>\n<p>Poblaci\u00f3n en general de Olivenza.<\/p>\n<p><strong>N\u00famero total de participantes:<\/strong><\/p>\n<p>8<\/p>\n<h4>Descripci\u00f3n de la actividad:<\/h4>\n<ul>\n<li>Elaboraci\u00f3n de las bases del concurso.<\/li>\n<li>Difusi\u00f3n del concurso.<\/li>\n<li>Participaci\u00f3n ciudadana: cada participante present\u00f3 un m\u00e1ximo de 2 fotograf\u00edas<\/li>\n<li>Selecci\u00f3n de las fotograf\u00edas ganadoras y entrega del premio.<\/li>\n<\/ul>\n<h4>Evaluaci\u00f3n de la actividad:<\/h4>\n<p>Muy satisfactoria, pero de cara a pr\u00f3ximas ediciones se trabajar\u00e1 para aumentar la participaci\u00f3n.<\/p>\n","protected":false},"excerpt":{"rendered":"<p>Entidad: UNIVERSIDAD POPULAR DE OLIVENZA Direcci\u00f3n postal de la entidad: Calle Hern\u00e1n Cort\u00e9s, s\/n Correo electr\u00f3nico de contacto: upolivenza@hotmail.com Tel\u00e9fono de contacto: 924 492068 \/ 697165181 Descripci\u00f3n de la actividad Nombre de la experiencia: II CONCURSO DE FOTOGRAFIA DEL MEDIO AMBIENTE Lugar de realizaci\u00f3n: ENTORNO DE OLIVENZA Fecha de realizaci\u00f3n: MAYO Y JUNIO 2018 Justificaci\u00f3n Con motivo de la celebraci\u00f3n del D\u00eda Mundial del Medio Ambiente, se realiza un concurso de fotograf\u00eda con la tem\u00e1tica del Medio Ambiente Objetivos: Promover&hellip;<\/p>\n","protected":false},"author":3,"featured_media":802,"comment_status":"closed","ping_status":"closed","sticky":false,"template":"","format":"standard","meta":{"jetpack_post_was_ever_published":false,"_jetpack_newsletter_access":"","_jetpack_dont_email_post_to_subs":false,"_jetpack_newsletter_tier_id":0,"_jetpack_memberships_contains_paywalled_content":false,"_jetpack_memberships_contains_paid_content":false,"footnotes":""},"categories":[5],"tags":[12],"class_list":["post-801","post","type-post","status-publish","format-standard","has-post-thumbnail","hentry","category-iniciativas-verdes","tag-olivenza","post-has-thumbnail"],"jetpack_featured_media_url":"https:\/\/www.redextremaduraverde.org\/web\/wp-content\/uploads\/2018\/07\/800px-Medio_ambiente_-_Itaipu\u0301.jpg","jetpack_sharing_enabled":true,"jetpack_shortlink":"https:\/\/wp.me\/p9MpCs-cV","_links":{"self":[{"href":"https:\/\/www.redextremaduraverde.org\/web\/wp-json\/wp\/v2\/posts\/801","targetHints":{"allow":["GET"]}}],"collection":[{"href":"https:\/\/www.redextremaduraverde.org\/web\/wp-json\/wp\/v2\/posts"}],"about":[{"href":"https:\/\/www.redextremaduraverde.org\/web\/wp-json\/wp\/v2\/types\/post"}],"author":[{"embeddable":true,"href":"https:\/\/www.redextremaduraverde.org\/web\/wp-json\/wp\/v2\/users\/3"}],"replies":[{"embeddable":true,"href":"https:\/\/www.redextremaduraverde.org\/web\/wp-json\/wp\/v2\/comments?post=801"}],"version-history":[{"count":1,"href":"https:\/\/www.redextremaduraverde.org\/web\/wp-json\/wp\/v2\/posts\/801\/revisions"}],"predecessor-version":[{"id":803,"href":"https:\/\/www.redextremaduraverde.org\/web\/wp-json\/wp\/v2\/posts\/801\/revisions\/803"}],"wp:featuredmedia":[{"embeddable":true,"href":"https:\/\/www.redextremaduraverde.org\/web\/wp-json\/wp\/v2\/media\/802"}],"wp:attachment":[{"href":"https:\/\/www.redextremaduraverde.org\/web\/wp-json\/wp\/v2\/media?parent=801"}],"wp:term":[{"taxonomy":"category","embeddable":true,"href":"https:\/\/www.redextremaduraverde.org\/web\/wp-json\/wp\/v2\/categories?post=801"},{"taxonomy":"post_tag","embeddable":true,"href":"https:\/\/www.redextremaduraverde.org\/web\/wp-json\/wp\/v2\/tags?post=801"}],"curies":[{"name":"wp","href":"https:\/\/api.w.org\/{rel}","templated":true}]}}