{"id":771,"date":"2018-07-11T11:47:00","date_gmt":"2018-07-11T11:47:00","guid":{"rendered":"http:\/\/redextremaduraverde.org\/web\/?p=771"},"modified":"2018-07-11T11:47:00","modified_gmt":"2018-07-11T11:47:00","slug":"un-planeta-sin-contaminacion-por-plasticos-en-villafranca-de-los-barros","status":"publish","type":"post","link":"https:\/\/www.redextremaduraverde.org\/web\/un-planeta-sin-contaminacion-por-plasticos-en-villafranca-de-los-barros\/","title":{"rendered":"Un planeta #sin contaminaci\u00f3n por pl\u00e1sticos en Villafranca de los Barros"},"content":{"rendered":"<h2>Entidad: Universidad Popular Villafranca de los Barros<\/h2>\n<p>Direcci\u00f3n postal de la entidad: C\/ Calder\u00f3n de la Barca, s\/n \u2013 06220 Villafranca de los Barros<br \/>\nCorreo electr\u00f3nico de contacto: upvca@villafrancadelosbarros.es<br \/>\nTel\u00e9fono de contacto: 924527838<\/p>\n<h4>Descripci\u00f3n de la actividad<\/h4>\n<p>Nombre de la experiencia: 5 Junio, d\u00eda mundial del medio Ambiente \u00bb Un planeta #sin contaminaci\u00f3n por pl\u00e1sticos<br \/>\nLugar de realizaci\u00f3n: U.P.V., I.E.S. Mel\u00e9ndez Vald\u00e9s, Pabell\u00f3n la Rana<br \/>\nFecha de realizaci\u00f3n: Del 28 Mayo al 12 de Junio<\/p>\n<h4>Justificaci\u00f3n<\/h4>\n<p>El principal objetivo de la celebraci\u00f3n el 5 de Junio del d\u00eda del Medio Ambiente es concienciar a la sociedad de la necesidad de llevar a cabo un desarrollo sostenible para preservar el medio ambiente.<\/p>\n<p>Para ello se han desarrollado a lo largo de la semana previa al 5 de Junio 2018 Talleres de Eficiencia Energ\u00e9tica en el hogar y de consumo responsable de agua en el hogar. Se han celebrado unos talleres dirigidos a alumnos de Secundaria relacionados con el tabaco: C\u00f3mo afecta el tabaco al medio ambiente y los efectos para la salud y coincidiendo con la clausura de las Patrullas Verdes Escolares de 6\u00ba de Primaria se han realizado distintos talleres para concienciar sobre las 3R, reducir, reutilizar y reciclar. Igualmente se han puesto a disposici\u00f3n tips para reducir el uso del pl\u00e1stico en nuestra vida diaria.<\/p>\n<h4>Objetivos:<\/h4>\n<ul>\n<li>Concienciar a la sociedad de la necesidad de llevar a cabo un desarrollo sostenible para preservar el medio ambiente.<\/li>\n<li>Desarrollar actitudes y valores de respeto hacia el medio ambiente (reducir, reutilizar, reciclar)<\/li>\n<li>Sensibilizar sobre la importancia del agua para nuestro planeta y para nosotros y sobre su uso adecuado en nuestra vida cotidiana.<\/li>\n<li>Reconocer el agua como el principal recurso limitado que es vital para el d\u00eda a d\u00eda.<\/li>\n<li>Facilitar herramientas que permitan concienciar y analizar pautas de comportamiento.<\/li>\n<li>Conocer las posibilidades para reducir el consumo de energ\u00eda en el hogar mediante explicaciones de c\u00f3mo se consume la energ\u00eda en el hogar y d\u00f3nde se pueden alcanzar mayores ahorros.<\/li>\n<li>Informar sobre instalaciones que permiten reducir el consumo de energ\u00eda y distintas fuentes de energ\u00eda.<\/li>\n<li>Conocer la problem\u00e1tica sobre la contaminaci\u00f3n por pl\u00e1sticos.<\/li>\n<li>Sensibilizar sobre la importancia de reducir el pl\u00e1stico en nuestra vida diaria.<\/li>\n<\/ul>\n<h4>Destinatarios \/ participantes:<\/h4>\n<ul>\n<li>Poblaci\u00f3n en general<\/li>\n<li>Alumn@s de 1\u00ba \u2013 2\u00ba y 3\u00ba E.S.O.<\/li>\n<li>Alumn@s de 6\u00ba de Primaria<\/li>\n<\/ul>\n<p><strong>N\u00famero total de participantes:<\/strong><\/p>\n<p>318<\/p>\n<h2>Descripci\u00f3n de la actividad:<\/h2>\n<p>Talleres de eficiencia energ\u00e9tica en el hogar y consumo responsable de agua celebrados los d\u00edas 28 y 29 de mayo en la Universidad Popular de Villafranca con acceso libre.<\/p>\n<p>Talleres de sensibilizaci\u00f3n sobre el tabaco. Se realizaron exposiciones y diferentes experimentos y juegos durante 3 d\u00edas a alumn@s de la E.S.O. del I.E.S. Mel\u00e9ndez Vald\u00e9s de Villafranca de los Barros. Con ello se pretend\u00eda concienciar y sensibilizar de los efectos nocivos que tiene el tabaco tanto para la salud como para el medio ambiente.<\/p>\n<p>Talleres RRR. Con motivo de la clausura de las patrullas verdes escolares se celebraron 3 talleres para incentivar la reducci\u00f3n, reutilizaci\u00f3n y reciclaje entre los alumnos de 6\u00ba de primaria de todos los centros educativos de la localidad:<\/p>\n<ul>\n<li>Taller sensorial con el que se pretendi\u00f3 desarrollar y estimular los sentidos a trav\u00e9s de materiales extra\u00eddos de la naturaleza, adem\u00e1s de lograr un desarrollo arm\u00f3nico tanto de s\u00ed mismos como del entorno que les rodea.<\/li>\n<li>Taller de palo lluvia realizado con rollos reciclados de papel de hogar, y adornado con distintos papeles sobrantes de otros talleres. Con \u00e9l se pretendi\u00f3 que descubrieran que son capaces de hacer un instrumento musical con sus propias manos a trav\u00e9s de materiales reciclados.<\/li>\n<li>Taller de portal\u00e1pices, realizado con rollos de papel higi\u00e9nico. Pretendi\u00f3 incentivar la utilizaci\u00f3n de material reciclable en la elaboraci\u00f3n de un pr\u00e1ctico portal\u00e1pices.<\/li>\n<\/ul>\n<p>Los tips para reducir el uso del pl\u00e1stico en nuestra vida diaria se tratan de consejos publicados en la p\u00e1gina de facebook de la universidad popular acerca del uso del pl\u00e1stico, c\u00f3mo afecta al medio ambiente y qu\u00e9 podemos hacer para reducirlo.<\/p>\n<h2>Evaluaci\u00f3n de la actividad:<\/h2>\n<p>En general todas las actividades realizadas a lo largo de estas semanas han resultado muy fruct\u00edferas y bien valoradas por los asistentes. Ha existido mucha participaci\u00f3n en todas ellas.<\/p>\n<p>De cara a pr\u00f3ximos talleres de eficiencia energ\u00e9tica y ahorro de agua ser\u00eda conveniente realizarlos por la tarde para abarcar a un n\u00famero mayor de participantes.<\/p>\n<p>Se ha abarcado a distintos segmentos de la poblaci\u00f3n, primaria, secundaria y poblaci\u00f3n adulta.<\/p>\n<h2>Documentaci\u00f3n Anexa<\/h2>\n<p>Referencia de prensa: <a href=\"http:\/\/elecodelosbarros.blogspot.com\/2018\/06\/el-viernes-los-escolares-de-villafranca.html\">http:\/\/elecodelosbarros.blogspot.com\/2018\/06\/el-viernes-los-escolares-de-villafranca.html<\/a><\/p>\n","protected":false},"excerpt":{"rendered":"<p>Entidad: Universidad Popular Villafranca de los Barros Direcci\u00f3n postal de la entidad: C\/ Calder\u00f3n de la Barca, s\/n \u2013 06220 Villafranca de los Barros Correo electr\u00f3nico de contacto: upvca@villafrancadelosbarros.es Tel\u00e9fono de contacto: 924527838 Descripci\u00f3n de la actividad Nombre de la experiencia: 5 Junio, d\u00eda mundial del medio Ambiente \u00bb Un planeta #sin contaminaci\u00f3n por pl\u00e1sticos Lugar de realizaci\u00f3n: U.P.V., I.E.S. Mel\u00e9ndez Vald\u00e9s, Pabell\u00f3n la Rana Fecha de realizaci\u00f3n: Del 28 Mayo al 12 de Junio Justificaci\u00f3n El principal objetivo de&hellip;<\/p>\n","protected":false},"author":3,"featured_media":772,"comment_status":"closed","ping_status":"closed","sticky":false,"template":"","format":"standard","meta":{"jetpack_post_was_ever_published":false,"_jetpack_newsletter_access":"","_jetpack_dont_email_post_to_subs":false,"_jetpack_newsletter_tier_id":0,"_jetpack_memberships_contains_paywalled_content":false,"_jetpack_memberships_contains_paid_content":false,"footnotes":""},"categories":[5],"tags":[24],"class_list":["post-771","post","type-post","status-publish","format-standard","has-post-thumbnail","hentry","category-iniciativas-verdes","tag-villafranca-de-los-barros","post-has-thumbnail"],"jetpack_featured_media_url":"https:\/\/www.redextremaduraverde.org\/web\/wp-content\/uploads\/2018\/07\/IMG_7897.jpg","jetpack_sharing_enabled":true,"jetpack_shortlink":"https:\/\/wp.me\/p9MpCs-cr","_links":{"self":[{"href":"https:\/\/www.redextremaduraverde.org\/web\/wp-json\/wp\/v2\/posts\/771","targetHints":{"allow":["GET"]}}],"collection":[{"href":"https:\/\/www.redextremaduraverde.org\/web\/wp-json\/wp\/v2\/posts"}],"about":[{"href":"https:\/\/www.redextremaduraverde.org\/web\/wp-json\/wp\/v2\/types\/post"}],"author":[{"embeddable":true,"href":"https:\/\/www.redextremaduraverde.org\/web\/wp-json\/wp\/v2\/users\/3"}],"replies":[{"embeddable":true,"href":"https:\/\/www.redextremaduraverde.org\/web\/wp-json\/wp\/v2\/comments?post=771"}],"version-history":[{"count":1,"href":"https:\/\/www.redextremaduraverde.org\/web\/wp-json\/wp\/v2\/posts\/771\/revisions"}],"predecessor-version":[{"id":773,"href":"https:\/\/www.redextremaduraverde.org\/web\/wp-json\/wp\/v2\/posts\/771\/revisions\/773"}],"wp:featuredmedia":[{"embeddable":true,"href":"https:\/\/www.redextremaduraverde.org\/web\/wp-json\/wp\/v2\/media\/772"}],"wp:attachment":[{"href":"https:\/\/www.redextremaduraverde.org\/web\/wp-json\/wp\/v2\/media?parent=771"}],"wp:term":[{"taxonomy":"category","embeddable":true,"href":"https:\/\/www.redextremaduraverde.org\/web\/wp-json\/wp\/v2\/categories?post=771"},{"taxonomy":"post_tag","embeddable":true,"href":"https:\/\/www.redextremaduraverde.org\/web\/wp-json\/wp\/v2\/tags?post=771"}],"curies":[{"name":"wp","href":"https:\/\/api.w.org\/{rel}","templated":true}]}}