{"id":694,"date":"2018-04-24T15:12:35","date_gmt":"2018-04-24T15:12:35","guid":{"rendered":"http:\/\/redextremaduraverde.org\/web\/?p=694"},"modified":"2018-04-24T15:12:35","modified_gmt":"2018-04-24T15:12:35","slug":"naturaleza-y-poesia-en-castuera","status":"publish","type":"post","link":"https:\/\/www.redextremaduraverde.org\/web\/naturaleza-y-poesia-en-castuera\/","title":{"rendered":"Naturaleza y Poes\u00eda en Castuera"},"content":{"rendered":"<h2>Entidad: Universidad Popular de Castuera<\/h2>\n<p>Direcci\u00f3n postal de la entidad: C\/ Prior n\u00ba2<br \/>\nCorreo electr\u00f3nico de contacto: upcastuera@castuera.es<br \/>\nTel\u00e9fono de contacto: 924761662<\/p>\n<h2>Descripci\u00f3n de la actividad<\/h2>\n<p>Nombre de la experiencia: Naturaleza y Poes\u00eda<br \/>\nLugar de realizaci\u00f3n: Centro Cultural<br \/>\nFecha de realizaci\u00f3n: 23\/03\/2018<\/p>\n<h4>Justificaci\u00f3n<\/h4>\n<p>La educaci\u00f3n a trav\u00e9s de sus diferentes medios, brinda soluciones que ayuden a cambiar los comportamientos de las personas en forma positiva, fomentando y llevando la formaci\u00f3n a una conciencia ambiental, mejorando la calidad de vida de las personas. En el caso de esta actividad, se hizo part\u00edcipe a los ni\u00f1os, ya que desde bien peque\u00f1os han de respetar la naturaleza y cuidarla. El m\u00e9todo utilizado se ha basado en la narraci\u00f3n y la poes\u00eda haciendo as\u00ed la actividad m\u00e1s agradable y divertida.<\/p>\n<h4>Objetivos:<\/h4>\n<ul>\n<li>Conmemorar el d\u00eda 21 de marzo. D\u00eda mundial de la Poes\u00eda.<\/li>\n<li>Explicar a la poblaci\u00f3n infantil el cuidado del planeta y como afecta el mal uso del pl\u00e1stico en el mar.<\/li>\n<li>Dar a conocer a la poblaci\u00f3n infantil algunos m\u00e9todos para reciclar en casa los diferentes envases.<\/li>\n<li>Utilizar la poes\u00eda y cuentos haciendo participes a los ni\u00f1os en la exposici\u00f3n de los mismos.<\/li>\n<\/ul>\n<h4>Destinatarios \/ participantes:<\/h4>\n<p>Alumnos de ciclo de Infantil y primer ciclo de Primaria de los Colegios Pedro de Valdivia y Colegio Joaqu\u00edn Tena Artigas<\/p>\n<p><strong>N\u00famero total de participantes:<\/strong><\/p>\n<p>249 ni\u00f1os<\/p>\n<h4>Descripci\u00f3n de la actividad:<\/h4>\n<p>Se visualizaron unos cuentos relacionados con el cuidado del planeta y el reciclaje y se mantuvo una asamblea en la que se habl\u00f3 de como cuidamos nuestro planeta, cuidad, casa,\u2026 A continuaci\u00f3n, los ni\u00f1os recitaron una poes\u00edas sobre la naturaleza y los animales.<\/p>\n<h4>Evaluaci\u00f3n de la actividad:<\/h4>\n<p>Se ha utilizado el m\u00e9todo observacional para la posterior interpretaci\u00f3n de significados. El comportamiento de los participantes fue en todo momento, entregado y colaborador. Interiorizaron conceptos medioambientales a trav\u00e9s de visualizaciones y ejecuci\u00f3n de poes\u00edas con contenido ambiental, transform\u00e1ndose en motivaci\u00f3n a la hora de la participaci\u00f3n.<\/p>\n","protected":false},"excerpt":{"rendered":"<p>Entidad: Universidad Popular de Castuera Direcci\u00f3n postal de la entidad: C\/ Prior n\u00ba2 Correo electr\u00f3nico de contacto: upcastuera@castuera.es Tel\u00e9fono de contacto: 924761662 Descripci\u00f3n de la actividad Nombre de la experiencia: Naturaleza y Poes\u00eda Lugar de realizaci\u00f3n: Centro Cultural Fecha de realizaci\u00f3n: 23\/03\/2018 Justificaci\u00f3n La educaci\u00f3n a trav\u00e9s de sus diferentes medios, brinda soluciones que ayuden a cambiar los comportamientos de las personas en forma positiva, fomentando y llevando la formaci\u00f3n a una conciencia ambiental, mejorando la calidad de vida de&hellip;<\/p>\n","protected":false},"author":3,"featured_media":695,"comment_status":"closed","ping_status":"closed","sticky":false,"template":"","format":"standard","meta":{"jetpack_post_was_ever_published":false,"_jetpack_newsletter_access":"","_jetpack_dont_email_post_to_subs":false,"_jetpack_newsletter_tier_id":0,"_jetpack_memberships_contains_paywalled_content":false,"_jetpack_memberships_contains_paid_content":false,"footnotes":""},"categories":[5],"tags":[17],"class_list":["post-694","post","type-post","status-publish","format-standard","has-post-thumbnail","hentry","category-iniciativas-verdes","tag-castuera","post-has-thumbnail"],"jetpack_featured_media_url":"https:\/\/www.redextremaduraverde.org\/web\/wp-content\/uploads\/2018\/04\/poetry-album-818181_960_720.jpg","jetpack_sharing_enabled":true,"jetpack_shortlink":"https:\/\/wp.me\/p9MpCs-bc","_links":{"self":[{"href":"https:\/\/www.redextremaduraverde.org\/web\/wp-json\/wp\/v2\/posts\/694","targetHints":{"allow":["GET"]}}],"collection":[{"href":"https:\/\/www.redextremaduraverde.org\/web\/wp-json\/wp\/v2\/posts"}],"about":[{"href":"https:\/\/www.redextremaduraverde.org\/web\/wp-json\/wp\/v2\/types\/post"}],"author":[{"embeddable":true,"href":"https:\/\/www.redextremaduraverde.org\/web\/wp-json\/wp\/v2\/users\/3"}],"replies":[{"embeddable":true,"href":"https:\/\/www.redextremaduraverde.org\/web\/wp-json\/wp\/v2\/comments?post=694"}],"version-history":[{"count":1,"href":"https:\/\/www.redextremaduraverde.org\/web\/wp-json\/wp\/v2\/posts\/694\/revisions"}],"predecessor-version":[{"id":696,"href":"https:\/\/www.redextremaduraverde.org\/web\/wp-json\/wp\/v2\/posts\/694\/revisions\/696"}],"wp:featuredmedia":[{"embeddable":true,"href":"https:\/\/www.redextremaduraverde.org\/web\/wp-json\/wp\/v2\/media\/695"}],"wp:attachment":[{"href":"https:\/\/www.redextremaduraverde.org\/web\/wp-json\/wp\/v2\/media?parent=694"}],"wp:term":[{"taxonomy":"category","embeddable":true,"href":"https:\/\/www.redextremaduraverde.org\/web\/wp-json\/wp\/v2\/categories?post=694"},{"taxonomy":"post_tag","embeddable":true,"href":"https:\/\/www.redextremaduraverde.org\/web\/wp-json\/wp\/v2\/tags?post=694"}],"curies":[{"name":"wp","href":"https:\/\/api.w.org\/{rel}","templated":true}]}}