{"id":625,"date":"2018-01-29T10:01:04","date_gmt":"2018-01-29T10:01:04","guid":{"rendered":"http:\/\/redextremaduraverde.org\/web\/?p=625"},"modified":"2018-01-29T10:01:04","modified_gmt":"2018-01-29T10:01:04","slug":"taller-de-manualidades-navidenas-recicladas-en-villafranca-de-los-barros","status":"publish","type":"post","link":"https:\/\/www.redextremaduraverde.org\/web\/taller-de-manualidades-navidenas-recicladas-en-villafranca-de-los-barros\/","title":{"rendered":"Taller de manualidades navide\u00f1as recicladas en Villafranca de los Barros"},"content":{"rendered":"<h2>Entidad: Universidad Popular Villafranca de los Barros<\/h2>\n<p>Direcci\u00f3n postal de la entidad: C\/ Calder\u00f3n de la Barca, s\/n \u2013 06220 Villafranca de los Barros<br \/>\nCorreo electr\u00f3nico de contacto: upvca@villafrancadelosbarros.es<br \/>\nTel\u00e9fono de contacto: 924527838<\/p>\n<h2>Descripci\u00f3n de la actividad<\/h2>\n<p>Nombre de la experiencia: actuaci\u00f3n de sensibilizaci\u00f3n y concienciaci\u00f3n en materia de econom\u00eda circular. Taller de manualidades navide\u00f1as recicladas<br \/>\nLugar de realizaci\u00f3n: UPV \u2013 C\/ M\u00e1rtires, s\/n \u2013 06220 Villafranca de los Barros<br \/>\nFecha de realizaci\u00f3n: 31 Octubre \u2013 14 Diciembre<\/p>\n<h4>Justificaci\u00f3n<\/h4>\n<p>Partiendo de la necesidad de enfrentar un problema global como la contaminaci\u00f3n ambiental; un problema de todos, desde el ni\u00f1o hasta el anciano, surge la creaci\u00f3n de una propuesta que mejore la apariencia del medio ambiente, reutilizando el material reciclado para crear otros objetos.<\/p>\n<p>Este proyecto pretende fomentar la cultura del reciclaje como una herramienta para el desarrollo de la creatividad expresada en el uso que cada persona le atribuye al material reciclado, reconociendo al mismo tiempo, la importancia que tiene el cuidado del medio ambiente y el sentido de pertenencia en la preservaci\u00f3n del entorno. Es necesario identificar la gravedad del problema de contaminaci\u00f3n que se vive actualmente y para ello proponer alternativas que procuren una soluci\u00f3n al alcance de todos, desde los ni\u00f1os y ni\u00f1as hasta los adultos, en general toda la comunidad.<br \/>\nDurante el desarrollo del taller, los participantes tuvieron la oportunidad de expresar sus ideas y plasmarlas en la creaci\u00f3n de un objeto elaborado a partir de material reciclado, recordando que no todo es basura, y aprovechar la materia prima.<\/p>\n<p>Se espera que posterior a la realizaci\u00f3n del taller pongan en pr\u00e1ctica lo aprendido y reciclen en sus hogares, o sitios de frecuencia todos los objetos que puedan dar origen a una manualidad art\u00edstica.<\/p>\n<h4>Objetivos:<\/h4>\n<p>\u2013 Desarrollar actitudes y valores de respeto hacia el medio ambiente (reducir, reutilizar, reciclar)<br \/>\n\u2013 Aprender que los residuos pueden ser \u00fatiles y se pueden reciclar<br \/>\n\u2013 Favorecer y desarrollar la creatividad y destreza manuales de los participantes<\/p>\n<h4>Destinatarios \/ participantes:<\/h4>\n<p>Personas interesadas en el mundo de las manualidades y con inquietudes por el medio ambiente, reciclaje.<\/p>\n<p><strong>N\u00famero total de participantes:<\/strong><br \/>\n15<\/p>\n<h4>Descripci\u00f3n de la actividad:<\/h4>\n<p>El taller estuvo en todo momento monitorizado por un profesional con formaci\u00f3n y sensibilidad en materia de medio ambiente, quien adem\u00e1s de impartir el taller, explic\u00f3 a los asistentes la importancia de reciclar.<\/p>\n<h4>Evaluaci\u00f3n de la actividad:<\/h4>\n<p>Todos los participantes han expresado su satisfacci\u00f3n con el taller. Valorando muy positivamente los trabajos realizados a partir de productos reciclados o reutilizados.<br \/>\nSin embargo, su duraci\u00f3n les ha parecido corta.<\/p>\n","protected":false},"excerpt":{"rendered":"<p>Entidad: Universidad Popular Villafranca de los Barros Direcci\u00f3n postal de la entidad: C\/ Calder\u00f3n de la Barca, s\/n \u2013 06220 Villafranca de los Barros Correo electr\u00f3nico de contacto: upvca@villafrancadelosbarros.es Tel\u00e9fono de contacto: 924527838 Descripci\u00f3n de la actividad Nombre de la experiencia: actuaci\u00f3n de sensibilizaci\u00f3n y concienciaci\u00f3n en materia de econom\u00eda circular. Taller de manualidades navide\u00f1as recicladas Lugar de realizaci\u00f3n: UPV \u2013 C\/ M\u00e1rtires, s\/n \u2013 06220 Villafranca de los Barros Fecha de realizaci\u00f3n: 31 Octubre \u2013 14 Diciembre Justificaci\u00f3n Partiendo&hellip;<\/p>\n","protected":false},"author":3,"featured_media":626,"comment_status":"closed","ping_status":"closed","sticky":false,"template":"","format":"standard","meta":{"jetpack_post_was_ever_published":false,"_jetpack_newsletter_access":"","_jetpack_dont_email_post_to_subs":false,"_jetpack_newsletter_tier_id":0,"_jetpack_memberships_contains_paywalled_content":false,"_jetpack_memberships_contains_paid_content":false,"footnotes":""},"categories":[5],"tags":[24],"class_list":["post-625","post","type-post","status-publish","format-standard","has-post-thumbnail","hentry","category-iniciativas-verdes","tag-villafranca-de-los-barros","post-has-thumbnail"],"jetpack_featured_media_url":"https:\/\/www.redextremaduraverde.org\/web\/wp-content\/uploads\/2018\/01\/CARTEL.jpg","jetpack_sharing_enabled":true,"jetpack_shortlink":"https:\/\/wp.me\/p9MpCs-a5","_links":{"self":[{"href":"https:\/\/www.redextremaduraverde.org\/web\/wp-json\/wp\/v2\/posts\/625","targetHints":{"allow":["GET"]}}],"collection":[{"href":"https:\/\/www.redextremaduraverde.org\/web\/wp-json\/wp\/v2\/posts"}],"about":[{"href":"https:\/\/www.redextremaduraverde.org\/web\/wp-json\/wp\/v2\/types\/post"}],"author":[{"embeddable":true,"href":"https:\/\/www.redextremaduraverde.org\/web\/wp-json\/wp\/v2\/users\/3"}],"replies":[{"embeddable":true,"href":"https:\/\/www.redextremaduraverde.org\/web\/wp-json\/wp\/v2\/comments?post=625"}],"version-history":[{"count":1,"href":"https:\/\/www.redextremaduraverde.org\/web\/wp-json\/wp\/v2\/posts\/625\/revisions"}],"predecessor-version":[{"id":627,"href":"https:\/\/www.redextremaduraverde.org\/web\/wp-json\/wp\/v2\/posts\/625\/revisions\/627"}],"wp:featuredmedia":[{"embeddable":true,"href":"https:\/\/www.redextremaduraverde.org\/web\/wp-json\/wp\/v2\/media\/626"}],"wp:attachment":[{"href":"https:\/\/www.redextremaduraverde.org\/web\/wp-json\/wp\/v2\/media?parent=625"}],"wp:term":[{"taxonomy":"category","embeddable":true,"href":"https:\/\/www.redextremaduraverde.org\/web\/wp-json\/wp\/v2\/categories?post=625"},{"taxonomy":"post_tag","embeddable":true,"href":"https:\/\/www.redextremaduraverde.org\/web\/wp-json\/wp\/v2\/tags?post=625"}],"curies":[{"name":"wp","href":"https:\/\/api.w.org\/{rel}","templated":true}]}}