{"id":575,"date":"2017-12-13T10:43:52","date_gmt":"2017-12-13T10:43:52","guid":{"rendered":"http:\/\/redextremaduraverde.org\/web\/?p=575"},"modified":"2017-12-13T10:44:35","modified_gmt":"2017-12-13T10:44:35","slug":"sembrando-nuestro-futuro-en-piedras-albas","status":"publish","type":"post","link":"https:\/\/www.redextremaduraverde.org\/web\/sembrando-nuestro-futuro-en-piedras-albas\/","title":{"rendered":"Sembrando nuestro futuro en Piedras Albas"},"content":{"rendered":"<h2>Entidad: UNIVERSIDAD POPULAR DE PIEDRAS ALBAS<\/h2>\n<p>Direcci\u00f3n postal de la entidad: C\/ CARRETERA, S\/N<br \/>\nCorreo electr\u00f3nico de contacto: registroayto@piedrasalbas.es<br \/>\nTel\u00e9fono de contacto: 927390252<\/p>\n<h2>Descripci\u00f3n de la actividad<\/h2>\n<p>Nombre de la experiencia: CASAS DE CULTURA VERDE- RED DE MUNICIPIOS VERDES- ACTIVIDAD: SEMBRANDO NUESTRO FUTURO<br \/>\nLugar de realizaci\u00f3n: PIEDRAS ALBAS -CAMINO DE LA PISCINA Y ZONA DEL POCITO<br \/>\nFecha de realizaci\u00f3n: 9 DE DICIEMBRE DE 2017<\/p>\n<h4>Justificaci\u00f3n<\/h4>\n<p>Dentro del Programa Red Municipal de Participaci\u00f3n y Concienciaci\u00f3n Social sobre la econom\u00eda verde y el Patrimonio Natural en Extremadura y del Proyecto Casa de Cultura Verde, Red de Municipios Verdes, al que Piedras Albas est\u00e1 adherido porque quiere ser un municipio verde, conservar sus recursos naturales. ya que a pesar de ser una localidad peque\u00f1a en t\u00e9rmino municipal, se preocupa por la conservaci\u00f3n del entorno natural, con la m\u00e1xima de \u201cConservar el entorno natural, disfrut\u00e1ndolo en el presente, pero conserv\u00e1ndolo para el futuro\u201d.<\/p>\n<h4>Objetivos:<\/h4>\n<p>Fomentar la sensibilizaci\u00f3n y participaci\u00f3n activa de las mujeres, mayores, j\u00f3venes y ni\u00f1os de la localidad<br \/>\nTrabajar con todos para favorecer la funci\u00f3n educadora y una conciencia cr\u00edtica y c\u00edvica.<br \/>\nCuidar y mimar el entorno natural, el pueblo y la tierra.<\/p>\n<h4>Destinatarios \/ participantes:<\/h4>\n<p>Poblaci\u00f3n en general.<\/p>\n<p>N\u00famero total de participantes:<br \/>\n16<\/p>\n<h4>Descripci\u00f3n de la actividad:<\/h4>\n<p>Los participantes parten de la Plaza de la Concordia y caminan hac\u00eda las piscinas. Una vez all\u00ed, la monitora explic\u00f3 en que consist\u00eda la actividad y tambi\u00e9n que tipo de proyecto era, haciendo especial referencia a la Estrategia 2030, econom\u00eda circular y Casas de Cultura Verde, dando a conocer tambi\u00e9n actividades que se realizan desde la Universidad Popular de Piedras Albas.<\/p>\n<p>Previamente se hab\u00edan hecho los agujeros para los \u00e1rboles y comenzaron las personas de m\u00e1s edad de la localidad, 5 personas en concreto (1 hombre y 4 mujeres), que intercambiaron su experiencia y disfrutaron plantando \u00absu \u00e1rbol\u00bb, en el que se puso su nombre, hasta colocar la placa que llevar\u00e1 nombre de la persona y especie de \u00e1rbol.Los m\u00e1s peque\u00f1os tambi\u00e9n sembraron su \u00e1rbol, ayudados por su abuela y por su padre. Emiliana Alcoba, una de las m\u00e1s mayores de la localidad, recit\u00f3 esta poes\u00eda para su \u00e1rbol el siguiente poema:<\/p>\n<p><em>\u00abArbolito verde y fresco,<\/em><br \/>\n<em> en que soy una ancianita,<\/em><br \/>\n<em> no te faltara alimento.<\/em><br \/>\n<em> Yo te echar\u00e9 agua y esti\u00e9rcol,<\/em><br \/>\n<em> y cuando me muera,<\/em><br \/>\n<em> yo se lo dir\u00e9 a mis nietos,<\/em><br \/>\n<em> que vengan a visitarte,<\/em><br \/>\n<em> porque ah\u00ed est\u00e1n mis recuerdos\u00bb<\/em><\/p>\n<p>Entre los \u00e1rboles plantados, donados por la Excma. Diputaci\u00f3n de C\u00e1ceres hab\u00eda, Almez, Albicia, \u00c1rbol del Amor y Enebro.<\/p>\n<h4>Evaluaci\u00f3n de la actividad:<\/h4>\n<p>La actividad ha sido valorada muy positivamente por las personas participantes, algunas aunque no sembraron \u00e1rboles acompa\u00f1aron en la actividad. Se consigui\u00f3 unir a mayores que contaron su experiencia y como ellos sembraban \u00e1rboles y los m\u00e1s j\u00f3venes que aprendieron. Se desarroll\u00f3 con buen ambiente, el tiempo tambi\u00e9n acompa\u00f1\u00f3.<\/p>\n<p>Todos los participantes se comprometieron a cuidar los \u00e1rboles.<br \/>\nvaloraron muy positivamente la actividad, la recomendar\u00edan, han aprendido y ense\u00f1ado y les gustar\u00eda que se vuelva a realizar.<\/p>\n","protected":false},"excerpt":{"rendered":"<p>Entidad: UNIVERSIDAD POPULAR DE PIEDRAS ALBAS Direcci\u00f3n postal de la entidad: C\/ CARRETERA, S\/N Correo electr\u00f3nico de contacto: registroayto@piedrasalbas.es Tel\u00e9fono de contacto: 927390252 Descripci\u00f3n de la actividad Nombre de la experiencia: CASAS DE CULTURA VERDE- RED DE MUNICIPIOS VERDES- ACTIVIDAD: SEMBRANDO NUESTRO FUTURO Lugar de realizaci\u00f3n: PIEDRAS ALBAS -CAMINO DE LA PISCINA Y ZONA DEL POCITO Fecha de realizaci\u00f3n: 9 DE DICIEMBRE DE 2017 Justificaci\u00f3n Dentro del Programa Red Municipal de Participaci\u00f3n y Concienciaci\u00f3n Social sobre la econom\u00eda verde y&hellip;<\/p>\n","protected":false},"author":3,"featured_media":577,"comment_status":"closed","ping_status":"closed","sticky":false,"template":"","format":"standard","meta":{"jetpack_post_was_ever_published":false,"_jetpack_newsletter_access":"","_jetpack_dont_email_post_to_subs":false,"_jetpack_newsletter_tier_id":0,"_jetpack_memberships_contains_paywalled_content":false,"_jetpack_memberships_contains_paid_content":false,"footnotes":""},"categories":[5],"tags":[18],"class_list":["post-575","post","type-post","status-publish","format-standard","has-post-thumbnail","hentry","category-iniciativas-verdes","tag-piedras-albas","post-has-thumbnail"],"jetpack_featured_media_url":"https:\/\/www.redextremaduraverde.org\/web\/wp-content\/uploads\/2017\/12\/IMG-20171209-WA0007.jpg","jetpack_sharing_enabled":true,"jetpack_shortlink":"https:\/\/wp.me\/p9MpCs-9h","_links":{"self":[{"href":"https:\/\/www.redextremaduraverde.org\/web\/wp-json\/wp\/v2\/posts\/575","targetHints":{"allow":["GET"]}}],"collection":[{"href":"https:\/\/www.redextremaduraverde.org\/web\/wp-json\/wp\/v2\/posts"}],"about":[{"href":"https:\/\/www.redextremaduraverde.org\/web\/wp-json\/wp\/v2\/types\/post"}],"author":[{"embeddable":true,"href":"https:\/\/www.redextremaduraverde.org\/web\/wp-json\/wp\/v2\/users\/3"}],"replies":[{"embeddable":true,"href":"https:\/\/www.redextremaduraverde.org\/web\/wp-json\/wp\/v2\/comments?post=575"}],"version-history":[{"count":1,"href":"https:\/\/www.redextremaduraverde.org\/web\/wp-json\/wp\/v2\/posts\/575\/revisions"}],"predecessor-version":[{"id":576,"href":"https:\/\/www.redextremaduraverde.org\/web\/wp-json\/wp\/v2\/posts\/575\/revisions\/576"}],"wp:featuredmedia":[{"embeddable":true,"href":"https:\/\/www.redextremaduraverde.org\/web\/wp-json\/wp\/v2\/media\/577"}],"wp:attachment":[{"href":"https:\/\/www.redextremaduraverde.org\/web\/wp-json\/wp\/v2\/media?parent=575"}],"wp:term":[{"taxonomy":"category","embeddable":true,"href":"https:\/\/www.redextremaduraverde.org\/web\/wp-json\/wp\/v2\/categories?post=575"},{"taxonomy":"post_tag","embeddable":true,"href":"https:\/\/www.redextremaduraverde.org\/web\/wp-json\/wp\/v2\/tags?post=575"}],"curies":[{"name":"wp","href":"https:\/\/api.w.org\/{rel}","templated":true}]}}