{"id":537,"date":"2017-09-26T07:51:46","date_gmt":"2017-09-26T07:51:46","guid":{"rendered":"http:\/\/redextremaduraverde.org\/web\/?p=537"},"modified":"2017-09-26T07:51:46","modified_gmt":"2017-09-26T07:51:46","slug":"instalacion-de-comederos-para-aves-necrofagas-amenazadas-en-valencia-del-mombuey","status":"publish","type":"post","link":"https:\/\/www.redextremaduraverde.org\/web\/instalacion-de-comederos-para-aves-necrofagas-amenazadas-en-valencia-del-mombuey\/","title":{"rendered":"Instalaci\u00f3n de comederos para aves necr\u00f3fagas amenazadas en Valencia del Mombuey"},"content":{"rendered":"<h2>Entidad: Ayuntamiento de Valencia del Mombuey<\/h2>\n<p>Direcci\u00f3n postal de la entidad: Plaza de Espa\u00f1a, 1. 06134 Valencia del Mombuey<br \/>\nCorreo electr\u00f3nico de contacto: valenciamombuey@yahoo.es<br \/>\nTel\u00e9fono de contacto: 659343234<\/p>\n<h2>Descripci\u00f3n de la actividad<\/h2>\n<p>Nombre de la experiencia: Instalaci\u00f3n de comederos para aves necr\u00f3fagas amenazadas<br \/>\nLugar de realizaci\u00f3n: Campo Comunal de Valencia del Mombuey<br \/>\nFecha de realizaci\u00f3n: Octubre de 2017<\/p>\n<h4>Justificaci\u00f3n<\/h4>\n<p>La justificaci\u00f3n para la creaci\u00f3n de comederos para aves necr\u00f3fagas amenazadas es garantizar una disponibilidad de alimento m\u00ednimo que pueda permitir la supervivencia de estas especies. Ademas, los comederos para aves necr\u00f3fagas amenazadas pueden prestar un sevicio a determinados ganaderos, desde que el dep\u00f3sito de los cad\u00e1veres de sus explotaciones en estos comederos puede reducir sus costes, al ahorrarse el seguro de retirada de estos cad\u00e1veres exigido por la legislaci\u00f3n sanitaria.<\/p>\n<h4>Objetivos:<\/h4>\n<p>Los objetivos de la instalaci\u00f3n de un comedero de aves necr\u00f3fagas en Valencia del Mombuey son:<\/p>\n<ol>\n<li>Garantizar la disponibilidad de alimento para las especies de aves necr\u00f3fagas amenazadas.\u00a0<span style=\"line-height: inherit;\">Las normativas sanitarias, a raiz de el brote de la encefalopat\u00eda espongiforme bovina, redujeron la disponibilidad de alimento para muchas especies de buitres. Pero a raiz del inter\u00e9s en la conservaci\u00f3n de estas beneficiadas especies, se han desarrollado nuevas leyes que permite el uso de algunos cad\u00e1veres de origen pecuario para la alimentaci\u00f3n de los buitres en determinadas circunstancias. Entre las opciones de la nueva legislaci\u00f3n, existe la posibilidad de crear comederos destinados a la conservaci\u00f3n de este grupo de aves mediante el aporte de alimentaci\u00f3n en estas instalaciones. As\u00ed el objetivo principal del comedero para aves necr\u00f3fagas de Valencia del Mombuey es la conservaci\u00f3n del buitre negro y el milano real, dos especies amenazadas en Extremadura.<\/span><\/li>\n<li><span style=\"line-height: inherit;\">Integrar actividades econ\u00f3micas de la dehesa con la conservaci\u00f3n de la biodiversidad.\u00a0<\/span><span style=\"line-height: inherit;\">Los comederos de aves necr\u00f3fagas son una perfecta simbioses entre conservaci\u00f3n de la biodiversidad y actividades econ\u00f3micas en la dehesa. El aporte de cad\u00e1veres de ganado extensivo en estas estructuras es un beneficio directo para estas aves y a la vez, los ganaderos autorizados a depositar los cad\u00e1veres en los comederos de aves necr\u00f3fagas podr\u00e1n beneficiarse econ\u00f3micamente, al esta exhentos del pago del seguro de retirada de cad\u00e1veres exigido por la ley. Por tanto, un segundo objetivo de este proyecto es promover la participaci\u00f3n de ganaderos de Valencia del Mombuey en el aporte de cad\u00e1veres como una demostraci\u00f3n del sevicio ecosisit\u00e9mico de los buitres y el beneficio que determinados sectores de la poblaci\u00f3n pudesse obtener de la presencia de estas aves en su territorio.<\/span><\/li>\n<li><span style=\"line-height: inherit;\">Generaci\u00f3n de nuevos recursos tur\u00edsticos.\u00a0<\/span><span style=\"line-height: inherit;\">Debido a la concentraci\u00f3n de cantidades y algunas veces varias especies de buitres y otras aves en los comederos, estas estruturas pueden ser un foco de atracci\u00f3n para el turismo de naturaleza o el mas espec\u00edfico turismo ornitol\u00f3gico. Por esto, un tercer objetivo de esta acci\u00f3n es promover el comederos de aves necr\u00f3fagas de Valencia del Mombuey como un produto tur\u00edstico para la zona destinado a la observaci\u00f3n y fotografia de las especies que utilicen este punto.<\/span><\/li>\n<\/ol>\n<h4>Destinatarios \/ participantes:<\/h4>\n<p>Los destinatarios de esta acci\u00f3n son los ganaderos de peque\u00f1os rumiantes en extensivo de Valencia del Mombuey, as\u00ed como turistas interesados en la observaci\u00f3n y fotografia de aves<\/p>\n<p>N\u00famero total de participantes:<br \/>\nEsta actividad comentar\u00e1 a final del a\u00f1o 2017<\/p>\n<h4>Descripci\u00f3n de la actividad:<\/h4>\n<p>Instalaci\u00f3n de un comedero para aves necr\u00f3fagas amenazadas y promoci\u00f3n tur\u00edstica de esta acci\u00f3n<\/p>\n<h4>Evaluaci\u00f3n de la actividad:<\/h4>\n<p>El comedero se construir\u00e1 en el cuarto trimestre de 2017<\/p>\n","protected":false},"excerpt":{"rendered":"<p>Entidad: Ayuntamiento de Valencia del Mombuey Direcci\u00f3n postal de la entidad: Plaza de Espa\u00f1a, 1. 06134 Valencia del Mombuey Correo electr\u00f3nico de contacto: valenciamombuey@yahoo.es Tel\u00e9fono de contacto: 659343234 Descripci\u00f3n de la actividad Nombre de la experiencia: Instalaci\u00f3n de comederos para aves necr\u00f3fagas amenazadas Lugar de realizaci\u00f3n: Campo Comunal de Valencia del Mombuey Fecha de realizaci\u00f3n: Octubre de 2017 Justificaci\u00f3n La justificaci\u00f3n para la creaci\u00f3n de comederos para aves necr\u00f3fagas amenazadas es garantizar una disponibilidad de alimento m\u00ednimo que pueda permitir&hellip;<\/p>\n","protected":false},"author":3,"featured_media":538,"comment_status":"closed","ping_status":"closed","sticky":false,"template":"","format":"standard","meta":{"jetpack_post_was_ever_published":false,"_jetpack_newsletter_access":"","_jetpack_dont_email_post_to_subs":false,"_jetpack_newsletter_tier_id":0,"_jetpack_memberships_contains_paywalled_content":false,"_jetpack_memberships_contains_paid_content":false,"footnotes":""},"categories":[5],"tags":[23],"class_list":["post-537","post","type-post","status-publish","format-standard","has-post-thumbnail","hentry","category-iniciativas-verdes","tag-valencia-del-mombuey","post-has-thumbnail"],"jetpack_featured_media_url":"https:\/\/www.redextremaduraverde.org\/web\/wp-content\/uploads\/2017\/09\/Buitre-negroBuitre-leonado.-Catarina-Machado-Alfonso-Godino.png","jetpack_sharing_enabled":true,"jetpack_shortlink":"https:\/\/wp.me\/p9MpCs-8F","_links":{"self":[{"href":"https:\/\/www.redextremaduraverde.org\/web\/wp-json\/wp\/v2\/posts\/537","targetHints":{"allow":["GET"]}}],"collection":[{"href":"https:\/\/www.redextremaduraverde.org\/web\/wp-json\/wp\/v2\/posts"}],"about":[{"href":"https:\/\/www.redextremaduraverde.org\/web\/wp-json\/wp\/v2\/types\/post"}],"author":[{"embeddable":true,"href":"https:\/\/www.redextremaduraverde.org\/web\/wp-json\/wp\/v2\/users\/3"}],"replies":[{"embeddable":true,"href":"https:\/\/www.redextremaduraverde.org\/web\/wp-json\/wp\/v2\/comments?post=537"}],"version-history":[{"count":1,"href":"https:\/\/www.redextremaduraverde.org\/web\/wp-json\/wp\/v2\/posts\/537\/revisions"}],"predecessor-version":[{"id":539,"href":"https:\/\/www.redextremaduraverde.org\/web\/wp-json\/wp\/v2\/posts\/537\/revisions\/539"}],"wp:featuredmedia":[{"embeddable":true,"href":"https:\/\/www.redextremaduraverde.org\/web\/wp-json\/wp\/v2\/media\/538"}],"wp:attachment":[{"href":"https:\/\/www.redextremaduraverde.org\/web\/wp-json\/wp\/v2\/media?parent=537"}],"wp:term":[{"taxonomy":"category","embeddable":true,"href":"https:\/\/www.redextremaduraverde.org\/web\/wp-json\/wp\/v2\/categories?post=537"},{"taxonomy":"post_tag","embeddable":true,"href":"https:\/\/www.redextremaduraverde.org\/web\/wp-json\/wp\/v2\/tags?post=537"}],"curies":[{"name":"wp","href":"https:\/\/api.w.org\/{rel}","templated":true}]}}