{"id":446,"date":"2017-07-27T09:44:48","date_gmt":"2017-07-27T09:44:48","guid":{"rendered":"http:\/\/redextremaduraverde.org\/web\/?p=446"},"modified":"2017-07-27T09:44:48","modified_gmt":"2017-07-27T09:44:48","slug":"recogida-de-pilas-usadas-en-quintana-de-la-serena","status":"publish","type":"post","link":"https:\/\/www.redextremaduraverde.org\/web\/recogida-de-pilas-usadas-en-quintana-de-la-serena\/","title":{"rendered":"Recogida de pilas usadas en Quintana de la Serena"},"content":{"rendered":"<p>Entidad: UNIVERSIDAD POPULAR DE QUINTANA DE LA SERENA<\/p>\n<p>Responsable t\u00e9cnico de la experiencia: MIGUEL BARQUERO REY<br \/>\nDirecci\u00f3n postal de la entidad: CALLE ABAJO, N\u00ba 3<br \/>\nCorreo electr\u00f3nico de contacto: MIGUELBARQUEROREY@GMAIL.COM<br \/>\nTel\u00e9fono de contacto: 924-777262<\/p>\n<p>Descripci\u00f3n de la actividad<\/p>\n<p>Nombre de la experiencia: RECOGIDA DE PILAS USADAS<br \/>\nLugar de realizaci\u00f3n: UNIVERSIDAD POPULAR DE QUINTANA-CASAS DE LA CULTURA<br \/>\nFecha de realizaci\u00f3n: TODO EL A\u00d1O<\/p>\n<p>Justificaci\u00f3n<\/p>\n<p>RECOGIDA DE PILAS USADAS EN CONTENEDORES ADAPTADOS DE PL\u00c1STICO RECICLADOS PARA ESTE FIN.<br \/>\nEL OBJETIVO ES CONSEGUIR MANTENER Y LOCALIZAR UN PUNTO FIJO PARA DEPOSITAR LAS MATERIALES DE DESHECHO, EN ESTE CASO PILAS, MATERIAL CONTAMINANTE, Y CON ELLO IMPEDIR LA CONTAMINACI\u00d3N QUE ESTE MATERIAL PROVOCA Y A LA VEZ CONCIENCIAR A LA POBLACI\u00d3N SOBRE VALORES VERDES Y PROBLEMAS DE POLUCI\u00d3N.<\/p>\n<p>Objetivos:<\/p>\n<p>EL OBJETIVO ES CONSEGUIR MANTENER Y LOCALIZAR UN PUNTO FIJO PARA DEPOSITAR LAS MATERIALES DE DESHECHO, EN ESTE CASO PILAS, MATERIAL CONTAMINANTE, Y CON ELLO IMPEDIR LA CONTAMINACI\u00d3N QUE ESTE MATERIAL PROVOCA Y A LA VEZ CONCIENCIAR A LA POBLACI\u00d3N SOBRE VALORES VERDES Y PROBLEMAS DE POLUCI\u00d3N.<\/p>\n<p>Destinatarios \/ participantes:<\/p>\n<p>TODO EL PUEBLO DE QUINTANA DE LA SERENA<\/p>\n<p>Descripci\u00f3n de la actividad:<\/p>\n<p>INSTALACI\u00d3N DE CONTENEDORES PARA RECOGIDA DE PILAS USADAS.<\/p>\n<p>Evaluaci\u00f3n de la actividad:<\/p>\n<p>LA UNIVERSIDAD POPULAR \u2013 CASA CULTURA SE HA CONSOLIDADO COMO CENTRO RECEPTOR DE PILAS USADAS, ACUDIENDO GRAN PARTE DE LA POBLACI\u00d3N A DEPOSITAR LAS MISMAS EN LOS CONTENEDORES DISPUESTOS PARA TAL FIN.<br \/>\nDocumentacion Anexa<\/p>\n","protected":false},"excerpt":{"rendered":"<p>Entidad: UNIVERSIDAD POPULAR DE QUINTANA DE LA SERENA Responsable t\u00e9cnico de la experiencia: MIGUEL BARQUERO REY Direcci\u00f3n postal de la entidad: CALLE ABAJO, N\u00ba 3 Correo electr\u00f3nico de contacto: MIGUELBARQUEROREY@GMAIL.COM Tel\u00e9fono de contacto: 924-777262 Descripci\u00f3n de la actividad Nombre de la experiencia: RECOGIDA DE PILAS USADAS Lugar de realizaci\u00f3n: UNIVERSIDAD POPULAR DE QUINTANA-CASAS DE LA CULTURA Fecha de realizaci\u00f3n: TODO EL A\u00d1O Justificaci\u00f3n RECOGIDA DE PILAS USADAS EN CONTENEDORES ADAPTADOS DE PL\u00c1STICO RECICLADOS PARA ESTE FIN. EL OBJETIVO ES CONSEGUIR&hellip;<\/p>\n","protected":false},"author":3,"featured_media":447,"comment_status":"open","ping_status":"closed","sticky":false,"template":"","format":"standard","meta":{"jetpack_post_was_ever_published":false,"_jetpack_newsletter_access":"","_jetpack_dont_email_post_to_subs":false,"_jetpack_newsletter_tier_id":0,"_jetpack_memberships_contains_paywalled_content":false,"_jetpack_memberships_contains_paid_content":false,"footnotes":""},"categories":[5],"tags":[19],"class_list":["post-446","post","type-post","status-publish","format-standard","has-post-thumbnail","hentry","category-iniciativas-verdes","tag-quintana-de-la-serena","post-has-thumbnail"],"jetpack_featured_media_url":"https:\/\/www.redextremaduraverde.org\/web\/wp-content\/uploads\/2017\/07\/56bca5df68714_crop.jpg","jetpack_sharing_enabled":true,"jetpack_shortlink":"https:\/\/wp.me\/p9MpCs-7c","_links":{"self":[{"href":"https:\/\/www.redextremaduraverde.org\/web\/wp-json\/wp\/v2\/posts\/446","targetHints":{"allow":["GET"]}}],"collection":[{"href":"https:\/\/www.redextremaduraverde.org\/web\/wp-json\/wp\/v2\/posts"}],"about":[{"href":"https:\/\/www.redextremaduraverde.org\/web\/wp-json\/wp\/v2\/types\/post"}],"author":[{"embeddable":true,"href":"https:\/\/www.redextremaduraverde.org\/web\/wp-json\/wp\/v2\/users\/3"}],"replies":[{"embeddable":true,"href":"https:\/\/www.redextremaduraverde.org\/web\/wp-json\/wp\/v2\/comments?post=446"}],"version-history":[{"count":1,"href":"https:\/\/www.redextremaduraverde.org\/web\/wp-json\/wp\/v2\/posts\/446\/revisions"}],"predecessor-version":[{"id":448,"href":"https:\/\/www.redextremaduraverde.org\/web\/wp-json\/wp\/v2\/posts\/446\/revisions\/448"}],"wp:featuredmedia":[{"embeddable":true,"href":"https:\/\/www.redextremaduraverde.org\/web\/wp-json\/wp\/v2\/media\/447"}],"wp:attachment":[{"href":"https:\/\/www.redextremaduraverde.org\/web\/wp-json\/wp\/v2\/media?parent=446"}],"wp:term":[{"taxonomy":"category","embeddable":true,"href":"https:\/\/www.redextremaduraverde.org\/web\/wp-json\/wp\/v2\/categories?post=446"},{"taxonomy":"post_tag","embeddable":true,"href":"https:\/\/www.redextremaduraverde.org\/web\/wp-json\/wp\/v2\/tags?post=446"}],"curies":[{"name":"wp","href":"https:\/\/api.w.org\/{rel}","templated":true}]}}