{"id":436,"date":"2017-07-27T07:37:13","date_gmt":"2017-07-27T07:37:13","guid":{"rendered":"http:\/\/redextremaduraverde.org\/web\/?p=436"},"modified":"2017-07-27T08:35:50","modified_gmt":"2017-07-27T08:35:50","slug":"concurso-de-fotografia-en-castuera","status":"publish","type":"post","link":"https:\/\/www.redextremaduraverde.org\/web\/concurso-de-fotografia-en-castuera\/","title":{"rendered":"Concurso de fotograf\u00eda en Castuera"},"content":{"rendered":"<h2>Entidad: UP Castuera<\/h2>\n<p>Direcci\u00f3n postal de la entidad: C\/Prior. N\u00ba:2 06420 Castuera (Badajoz)<br \/>\nCorreo electr\u00f3nico de contacto: upcastuera@castuera.es<br \/>\nTel\u00e9fono de contacto: 924761662<\/p>\n<h2>Descripci\u00f3n de la actividad<\/h2>\n<p>Nombre de la experiencia: Concurso de fotograf\u00eda<br \/>\nLugar de realizaci\u00f3n: Castuera<br \/>\nFecha de realizaci\u00f3n: 5 junio 2017<\/p>\n<h4>Justificaci\u00f3n<\/h4>\n<p>Con motivo de la celebraci\u00f3n del D\u00eda Mundial del Medio Ambiente se realiza este concurso de fotograf\u00eda dirigido a la poblaci\u00f3n en general.<br \/>\nLas fotograf\u00edas deben pertenecer al entorno de la localidad de Castuera y versar sobre las siguientes \u00e1reas ambientales ( entorno urbano saludable, biodiversidad, energ\u00edas sostenibles, espacios naturales, econom\u00eda y mm.aa., cambio clim\u00e1tico y mujer y medio ambiente.<\/p>\n<h4>Objetivos<\/h4>\n<ul>\n<li>Motivar a las personas para que se conviertan en agentes activos para un desarrollo sostenible y equitativo.<\/li>\n<li>Promover el papel fundamental de las localidades en el cambio de actitud frente al cuidado del medio ambiente.<\/li>\n<\/ul>\n<h4>Destinatarios \/ participantes<\/h4>\n<p>Poblaci\u00f3n en general, independientemente de su edad.<br \/>\nN\u00ba de participantes: 2<\/p>\n<h4>Descripci\u00f3n de la actividad<\/h4>\n<ol>\n<li>Elaboraci\u00f3n de las bases del concurso y del material para la difusi\u00f3n del mismo (cartel)<\/li>\n<li>Publicidad del concurso.<\/li>\n<li>Recepci\u00f3n fotograf\u00edas.<\/li>\n<li>Selecci\u00f3n de fotograf\u00eda ganadora.<\/li>\n<\/ol>\n<h4>Evaluaci\u00f3n de la actividad<\/h4>\n<p>La actividad no cont\u00f3 con la participaci\u00f3n esperada debido a que la difusi\u00f3n se realiz\u00f3 de forma muy general<\/p>\n","protected":false},"excerpt":{"rendered":"<p>Entidad: UP Castuera Direcci\u00f3n postal de la entidad: C\/Prior. N\u00ba:2 06420 Castuera (Badajoz) Correo electr\u00f3nico de contacto: upcastuera@castuera.es Tel\u00e9fono de contacto: 924761662 Descripci\u00f3n de la actividad Nombre de la experiencia: Concurso de fotograf\u00eda Lugar de realizaci\u00f3n: Castuera Fecha de realizaci\u00f3n: 5 junio 2017 Justificaci\u00f3n Con motivo de la celebraci\u00f3n del D\u00eda Mundial del Medio Ambiente se realiza este concurso de fotograf\u00eda dirigido a la poblaci\u00f3n en general. Las fotograf\u00edas deben pertenecer al entorno de la localidad de Castuera y versar&hellip;<\/p>\n","protected":false},"author":3,"featured_media":437,"comment_status":"closed","ping_status":"closed","sticky":false,"template":"","format":"standard","meta":{"jetpack_post_was_ever_published":false,"_jetpack_newsletter_access":"","_jetpack_dont_email_post_to_subs":false,"_jetpack_newsletter_tier_id":0,"_jetpack_memberships_contains_paywalled_content":false,"_jetpack_memberships_contains_paid_content":false,"footnotes":""},"categories":[5],"tags":[17],"class_list":["post-436","post","type-post","status-publish","format-standard","has-post-thumbnail","hentry","category-iniciativas-verdes","tag-castuera","post-has-thumbnail"],"jetpack_featured_media_url":"https:\/\/www.redextremaduraverde.org\/web\/wp-content\/uploads\/2017\/07\/cartel-concurso.png","jetpack_sharing_enabled":true,"jetpack_shortlink":"https:\/\/wp.me\/p9MpCs-72","_links":{"self":[{"href":"https:\/\/www.redextremaduraverde.org\/web\/wp-json\/wp\/v2\/posts\/436","targetHints":{"allow":["GET"]}}],"collection":[{"href":"https:\/\/www.redextremaduraverde.org\/web\/wp-json\/wp\/v2\/posts"}],"about":[{"href":"https:\/\/www.redextremaduraverde.org\/web\/wp-json\/wp\/v2\/types\/post"}],"author":[{"embeddable":true,"href":"https:\/\/www.redextremaduraverde.org\/web\/wp-json\/wp\/v2\/users\/3"}],"replies":[{"embeddable":true,"href":"https:\/\/www.redextremaduraverde.org\/web\/wp-json\/wp\/v2\/comments?post=436"}],"version-history":[{"count":1,"href":"https:\/\/www.redextremaduraverde.org\/web\/wp-json\/wp\/v2\/posts\/436\/revisions"}],"predecessor-version":[{"id":438,"href":"https:\/\/www.redextremaduraverde.org\/web\/wp-json\/wp\/v2\/posts\/436\/revisions\/438"}],"wp:featuredmedia":[{"embeddable":true,"href":"https:\/\/www.redextremaduraverde.org\/web\/wp-json\/wp\/v2\/media\/437"}],"wp:attachment":[{"href":"https:\/\/www.redextremaduraverde.org\/web\/wp-json\/wp\/v2\/media?parent=436"}],"wp:term":[{"taxonomy":"category","embeddable":true,"href":"https:\/\/www.redextremaduraverde.org\/web\/wp-json\/wp\/v2\/categories?post=436"},{"taxonomy":"post_tag","embeddable":true,"href":"https:\/\/www.redextremaduraverde.org\/web\/wp-json\/wp\/v2\/tags?post=436"}],"curies":[{"name":"wp","href":"https:\/\/api.w.org\/{rel}","templated":true}]}}