{"id":352,"date":"2017-06-27T12:18:51","date_gmt":"2017-06-27T12:18:51","guid":{"rendered":"http:\/\/redextremaduraverde.org\/web\/?p=352"},"modified":"2017-06-27T12:18:51","modified_gmt":"2017-06-27T12:18:51","slug":"concurso-de-fotografia-en-cabeza-la-vaca","status":"publish","type":"post","link":"https:\/\/www.redextremaduraverde.org\/web\/concurso-de-fotografia-en-cabeza-la-vaca\/","title":{"rendered":"Concurso de fotograf\u00eda en Cabeza la Vaca"},"content":{"rendered":"<h2>Entidad: UP Cabeza la Vaca<\/h2>\n<p>Direcci\u00f3n postal de la entidad: Plaza de Espa\u00f1a. N\u00ba:1. 06293. Cabeza la Vaca (Badajoz)<br \/>\nCorreo electr\u00f3nico de contacto: alcalde@cabezalavaca.es<br \/>\nTel\u00e9fono de contacto: 924583002<\/p>\n<h2>Descripci\u00f3n de la actividad<\/h2>\n<p>Nombre de la actividad: Concurso de fotograf\u00eda<br \/>\nLugar de realizaci\u00f3n: Cabeza la Vaca<br \/>\nFecha de realizaci\u00f3n: 29 mayo-5 junio 2017<\/p>\n<h3>Justificaci\u00f3n<\/h3>\n<p>Con motivo de la celebraci\u00f3n del D\u00eda Mundial de Medio Ambiente se desarrolla un concurso de fotograf\u00eda sobre la dehesa.<\/p>\n<h3>Objetivos:<\/h3>\n<p>Poner en valor la dehesa que existe en el t\u00e9rmino municipal<\/p>\n<h3>Destinatarios \/ participantes:<\/h3>\n<p>Poblaci\u00f3n en general<\/p>\n<h3>Descripci\u00f3n de la actividad:<\/h3>\n<p>Desarrollo de un concurso de fotograf\u00eda sobre la dehesa. Publicaci\u00f3n de las fotos presentadas a trav\u00e9s del Hastag #dehesacabezalavaca y votaci\u00f3n de las mismas para seleccionar la fotograf\u00eda ganadora<\/p>\n<h3>Evaluaci\u00f3n de la actividad:<\/h3>\n<p>N\u00ba de participantes: 2<\/p>\n","protected":false},"excerpt":{"rendered":"<p>Entidad: UP Cabeza la Vaca Direcci\u00f3n postal de la entidad: Plaza de Espa\u00f1a. N\u00ba:1. 06293. Cabeza la Vaca (Badajoz) Correo electr\u00f3nico de contacto: alcalde@cabezalavaca.es Tel\u00e9fono de contacto: 924583002 Descripci\u00f3n de la actividad Nombre de la actividad: Concurso de fotograf\u00eda Lugar de realizaci\u00f3n: Cabeza la Vaca Fecha de realizaci\u00f3n: 29 mayo-5 junio 2017 Justificaci\u00f3n Con motivo de la celebraci\u00f3n del D\u00eda Mundial de Medio Ambiente se desarrolla un concurso de fotograf\u00eda sobre la dehesa. Objetivos: Poner en valor la dehesa que&hellip;<\/p>\n","protected":false},"author":3,"featured_media":353,"comment_status":"closed","ping_status":"closed","sticky":false,"template":"","format":"standard","meta":{"jetpack_post_was_ever_published":false,"_jetpack_newsletter_access":"","_jetpack_dont_email_post_to_subs":false,"_jetpack_newsletter_tier_id":0,"_jetpack_memberships_contains_paywalled_content":false,"_jetpack_memberships_contains_paid_content":false,"footnotes":""},"categories":[5],"tags":[11],"class_list":["post-352","post","type-post","status-publish","format-standard","has-post-thumbnail","hentry","category-iniciativas-verdes","tag-cabeza-la-vaca","post-has-thumbnail"],"jetpack_featured_media_url":"https:\/\/www.redextremaduraverde.org\/web\/wp-content\/uploads\/2017\/06\/Concurso-fotografi\u0301a-Dehesa.jpg","jetpack_sharing_enabled":true,"jetpack_shortlink":"https:\/\/wp.me\/p9MpCs-5G","_links":{"self":[{"href":"https:\/\/www.redextremaduraverde.org\/web\/wp-json\/wp\/v2\/posts\/352","targetHints":{"allow":["GET"]}}],"collection":[{"href":"https:\/\/www.redextremaduraverde.org\/web\/wp-json\/wp\/v2\/posts"}],"about":[{"href":"https:\/\/www.redextremaduraverde.org\/web\/wp-json\/wp\/v2\/types\/post"}],"author":[{"embeddable":true,"href":"https:\/\/www.redextremaduraverde.org\/web\/wp-json\/wp\/v2\/users\/3"}],"replies":[{"embeddable":true,"href":"https:\/\/www.redextremaduraverde.org\/web\/wp-json\/wp\/v2\/comments?post=352"}],"version-history":[{"count":2,"href":"https:\/\/www.redextremaduraverde.org\/web\/wp-json\/wp\/v2\/posts\/352\/revisions"}],"predecessor-version":[{"id":355,"href":"https:\/\/www.redextremaduraverde.org\/web\/wp-json\/wp\/v2\/posts\/352\/revisions\/355"}],"wp:featuredmedia":[{"embeddable":true,"href":"https:\/\/www.redextremaduraverde.org\/web\/wp-json\/wp\/v2\/media\/353"}],"wp:attachment":[{"href":"https:\/\/www.redextremaduraverde.org\/web\/wp-json\/wp\/v2\/media?parent=352"}],"wp:term":[{"taxonomy":"category","embeddable":true,"href":"https:\/\/www.redextremaduraverde.org\/web\/wp-json\/wp\/v2\/categories?post=352"},{"taxonomy":"post_tag","embeddable":true,"href":"https:\/\/www.redextremaduraverde.org\/web\/wp-json\/wp\/v2\/tags?post=352"}],"curies":[{"name":"wp","href":"https:\/\/api.w.org\/{rel}","templated":true}]}}