{"id":288,"date":"2017-06-27T06:41:43","date_gmt":"2017-06-27T06:41:43","guid":{"rendered":"http:\/\/redextremaduraverde.org\/web\/?p=288"},"modified":"2017-06-27T12:14:25","modified_gmt":"2017-06-27T12:14:25","slug":"plantacion-de-arboles-y-flores-en-usagre","status":"publish","type":"post","link":"https:\/\/www.redextremaduraverde.org\/web\/plantacion-de-arboles-y-flores-en-usagre\/","title":{"rendered":"Plantaci\u00f3n de \u00e1rboles y flores en Usagre"},"content":{"rendered":"<h2><strong>Entidad: UP USAGRE<\/strong><\/h2>\n<p>Direcci\u00f3n postal de la entidad: C\/Pepe Larrey. N\u00ba:6. 06290. \u00a0Usagre (Badajoz)<br \/>\nCorreo electr\u00f3nico de contacto: updeusagre@outlook.es<br \/>\nTel\u00e9fono de contacto: 924585011<\/p>\n<h2><strong>Descripci\u00f3n de la actividad<\/strong><\/h2>\n<p><strong>Nombre de la experiencia: PLANTACI\u00d3N DE \u00c1RBOLES Y FLORES<\/strong><br \/>\nLugar de realizaci\u00f3n: Colegio P\u00fablico \u00abAntonio Chavero\u00bb<br \/>\nFecha de realizaci\u00f3n: 30 de mayo de 2017. de 12.30 a 14.00 horas<\/p>\n<h5><strong>Justificaci\u00f3n<\/strong><\/h5>\n<p>Con motivo de la celebraci\u00f3n del D\u00eda Mundial del Medio Ambiente (5 de junio 2017) se realiza esta actividad en el centro educativo para que los ni\u00f1os sean conscientes de la importancia de cuidar el medio ambiente y se responsabilicen con esta tarea. Al realizar esta plantaci\u00f3n deben posteriormente cuidar las plantas que han sembrado.<\/p>\n<h5><strong>Objetivos<\/strong><\/h5>\n<ul>\n<li>\u00a0Concienciar a los ni\u00f1os sobre la importancia del medio ambiente y de las actuaciones para protegerlo.<\/li>\n<li>Ense\u00f1ar el procedimiento para la plantaci\u00f3n.<\/li>\n<li>Responsabilizarles sobre el posterior cuidado de las plantas que han sembrado.<\/li>\n<\/ul>\n<h5><strong>Destinatarios \/ participantes:<\/strong><\/h5>\n<p>Ni\u00f1os del colegio \u00abAntonio CHavero\u00bb de los siguientes cursos:<\/p>\n<ul>\n<li>Infantil: 3,4 y 5 a\u00f1os<\/li>\n<li>1\u00ba de Primaria<\/li>\n<li>2\u00ba de Primaria<\/li>\n<\/ul>\n<p><span style=\"line-height: inherit;\">N\u00famero de ni\u00f1os participantes en la actividad: 40<\/span><\/p>\n<h5><strong>Descripci\u00f3n de la actividad<\/strong><\/h5>\n<ol>\n<li>Charla explicativa sobre qu\u00e9 es el Medio Ambiente y cu\u00e1les son las actuaciones para protegerlo<\/li>\n<li>Pregunta por parte de los alumnos sobre los contenidos de la charla<\/li>\n<li>Plantaci\u00f3n de \u00e1rboles y flores<\/li>\n<\/ol>\n<h5><strong>RECURSOS EMPLEADOS<\/strong><\/h5>\n<ul>\n<li>Material de jardiner\u00eda<\/li>\n<li>Agua<\/li>\n<li>Plantas<\/li>\n<li>Recursos humanos: los ni\u00f1os participantes, director del colegio, concejal de mm.aa. del Ayuntamiento , AEDL y ASC de la UP<\/li>\n<\/ul>\n<h5><strong>Evaluaci\u00f3n de la actividad:<\/strong><\/h5>\n<p>Los ni\u00f1os han respondido positivamente y han participado activamente en la din\u00e1mica.<br \/>\nSe ha implicado el centro educativo, el Ayuntamiento y la UP, que han trabajado de forma coordinada para el desarrollo de la actividad<br \/>\nEl n\u00famero total de ni\u00f1os participantes en la actividad ha sido de 40.<\/p>\n","protected":false},"excerpt":{"rendered":"<p>Entidad: UP USAGRE Direcci\u00f3n postal de la entidad: C\/Pepe Larrey. N\u00ba:6. 06290. \u00a0Usagre (Badajoz) Correo electr\u00f3nico de contacto: updeusagre@outlook.es Tel\u00e9fono de contacto: 924585011 Descripci\u00f3n de la actividad Nombre de la experiencia: PLANTACI\u00d3N DE \u00c1RBOLES Y FLORES Lugar de realizaci\u00f3n: Colegio P\u00fablico \u00abAntonio Chavero\u00bb Fecha de realizaci\u00f3n: 30 de mayo de 2017. de 12.30 a 14.00 horas Justificaci\u00f3n Con motivo de la celebraci\u00f3n del D\u00eda Mundial del Medio Ambiente (5 de junio 2017) se realiza esta actividad en el centro educativo&hellip;<\/p>\n","protected":false},"author":3,"featured_media":289,"comment_status":"closed","ping_status":"closed","sticky":false,"template":"","format":"standard","meta":{"jetpack_post_was_ever_published":false,"_jetpack_newsletter_access":"","_jetpack_dont_email_post_to_subs":false,"_jetpack_newsletter_tier_id":0,"_jetpack_memberships_contains_paywalled_content":false,"_jetpack_memberships_contains_paid_content":false,"footnotes":""},"categories":[5],"tags":[7],"class_list":["post-288","post","type-post","status-publish","format-standard","has-post-thumbnail","hentry","category-iniciativas-verdes","tag-usagre","post-has-thumbnail"],"jetpack_featured_media_url":"https:\/\/www.redextremaduraverde.org\/web\/wp-content\/uploads\/2017\/06\/3-Usagre.png","jetpack_sharing_enabled":true,"jetpack_shortlink":"https:\/\/wp.me\/p9MpCs-4E","_links":{"self":[{"href":"https:\/\/www.redextremaduraverde.org\/web\/wp-json\/wp\/v2\/posts\/288","targetHints":{"allow":["GET"]}}],"collection":[{"href":"https:\/\/www.redextremaduraverde.org\/web\/wp-json\/wp\/v2\/posts"}],"about":[{"href":"https:\/\/www.redextremaduraverde.org\/web\/wp-json\/wp\/v2\/types\/post"}],"author":[{"embeddable":true,"href":"https:\/\/www.redextremaduraverde.org\/web\/wp-json\/wp\/v2\/users\/3"}],"replies":[{"embeddable":true,"href":"https:\/\/www.redextremaduraverde.org\/web\/wp-json\/wp\/v2\/comments?post=288"}],"version-history":[{"count":6,"href":"https:\/\/www.redextremaduraverde.org\/web\/wp-json\/wp\/v2\/posts\/288\/revisions"}],"predecessor-version":[{"id":351,"href":"https:\/\/www.redextremaduraverde.org\/web\/wp-json\/wp\/v2\/posts\/288\/revisions\/351"}],"wp:featuredmedia":[{"embeddable":true,"href":"https:\/\/www.redextremaduraverde.org\/web\/wp-json\/wp\/v2\/media\/289"}],"wp:attachment":[{"href":"https:\/\/www.redextremaduraverde.org\/web\/wp-json\/wp\/v2\/media?parent=288"}],"wp:term":[{"taxonomy":"category","embeddable":true,"href":"https:\/\/www.redextremaduraverde.org\/web\/wp-json\/wp\/v2\/categories?post=288"},{"taxonomy":"post_tag","embeddable":true,"href":"https:\/\/www.redextremaduraverde.org\/web\/wp-json\/wp\/v2\/tags?post=288"}],"curies":[{"name":"wp","href":"https:\/\/api.w.org\/{rel}","templated":true}]}}