{"id":1347,"date":"2019-12-27T09:46:57","date_gmt":"2019-12-27T09:46:57","guid":{"rendered":"http:\/\/redextremaduraverde.org\/web\/?p=1347"},"modified":"2019-12-27T09:46:57","modified_gmt":"2019-12-27T09:46:57","slug":"exposicion-fotografica-del-cambio-climatico-en-piornal","status":"publish","type":"post","link":"https:\/\/www.redextremaduraverde.org\/web\/exposicion-fotografica-del-cambio-climatico-en-piornal\/","title":{"rendered":"EXPOSICI\u00d3N FOTOGR\u00c1FICA DEL CAMBIO CLIM\u00c1TICO EN PIORNAL"},"content":{"rendered":"<div class=\"post-content\">\n<h2>Entidad: Universidad Popular de Piornal<\/h2>\n<p>Direcci\u00f3n postal de la entidad: Plaza de Espa\u00f1a, 2<br \/>\nCorreo electr\u00f3nico de contacto: cultura.piornal@gmail.com<br \/>\nTel\u00e9fono de contacto: 927 476010<\/p>\n<h2>Descripci\u00f3n de la actividad<\/h2>\n<p>Nombre de la experiencia: EXPOSICI\u00d3N FOTOGR\u00c1FICA CAMBIO CLIM\u00c1TICO<br \/>\nLugar de realizaci\u00f3n: PIORNAL<br \/>\nFecha de realizaci\u00f3n: OCTUBRE 2019<\/p>\n<h4>Justificaci\u00f3n<\/h4>\n<p>Actividad realizada en el marco del programa Casas de Cultura Verde. Red de Municipios Verdes.<\/p>\n<h4>Objetivos:<\/h4>\n<p>Sensibilizar y concienciar de la importancia del cuidado del medio ambiente, fomentar el cuidado de nuestro medio natural<\/p>\n<h4>Destinatarios \/ participantes:<\/h4>\n<p>Poblaci\u00f3n en General<\/p>\n<h4>N\u00famero total de participantes:<\/h4>\n<p>180<\/p>\n<h4>Descripci\u00f3n de la actividad:<\/h4>\n<p>Exposici\u00f3n muy gr\u00e1fica, explicativa y significativa del cambio clim\u00e1tico<\/p>\n<h4>Evaluaci\u00f3n de la actividad:<\/h4>\n<p>Muy satisfactoria<\/p>\n<\/div>\n","protected":false},"excerpt":{"rendered":"<p>Entidad: Universidad Popular de Piornal Direcci\u00f3n postal de la entidad: Plaza de Espa\u00f1a, 2 Correo electr\u00f3nico de contacto: cultura.piornal@gmail.com Tel\u00e9fono de contacto: 927 476010 Descripci\u00f3n de la actividad Nombre de la experiencia: EXPOSICI\u00d3N FOTOGR\u00c1FICA CAMBIO CLIM\u00c1TICO Lugar de realizaci\u00f3n: PIORNAL Fecha de realizaci\u00f3n: OCTUBRE 2019 Justificaci\u00f3n Actividad realizada en el marco del programa Casas de Cultura Verde. Red de Municipios Verdes. Objetivos: Sensibilizar y concienciar de la importancia del cuidado del medio ambiente, fomentar el cuidado de nuestro medio natural&hellip;<\/p>\n","protected":false},"author":2,"featured_media":1348,"comment_status":"closed","ping_status":"closed","sticky":false,"template":"","format":"standard","meta":{"jetpack_post_was_ever_published":false,"_jetpack_newsletter_access":"","_jetpack_dont_email_post_to_subs":false,"_jetpack_newsletter_tier_id":0,"_jetpack_memberships_contains_paywalled_content":false,"_jetpack_memberships_contains_paid_content":false,"footnotes":""},"categories":[5],"tags":[37],"class_list":["post-1347","post","type-post","status-publish","format-standard","has-post-thumbnail","hentry","category-iniciativas-verdes","tag-piornal","post-has-thumbnail"],"jetpack_featured_media_url":"https:\/\/www.redextremaduraverde.org\/web\/wp-content\/uploads\/2019\/12\/Foto_exp.png","jetpack_sharing_enabled":false,"jetpack_shortlink":"https:\/\/wp.me\/p9MpCs-lJ","_links":{"self":[{"href":"https:\/\/www.redextremaduraverde.org\/web\/wp-json\/wp\/v2\/posts\/1347","targetHints":{"allow":["GET"]}}],"collection":[{"href":"https:\/\/www.redextremaduraverde.org\/web\/wp-json\/wp\/v2\/posts"}],"about":[{"href":"https:\/\/www.redextremaduraverde.org\/web\/wp-json\/wp\/v2\/types\/post"}],"author":[{"embeddable":true,"href":"https:\/\/www.redextremaduraverde.org\/web\/wp-json\/wp\/v2\/users\/2"}],"replies":[{"embeddable":true,"href":"https:\/\/www.redextremaduraverde.org\/web\/wp-json\/wp\/v2\/comments?post=1347"}],"version-history":[{"count":1,"href":"https:\/\/www.redextremaduraverde.org\/web\/wp-json\/wp\/v2\/posts\/1347\/revisions"}],"predecessor-version":[{"id":1349,"href":"https:\/\/www.redextremaduraverde.org\/web\/wp-json\/wp\/v2\/posts\/1347\/revisions\/1349"}],"wp:featuredmedia":[{"embeddable":true,"href":"https:\/\/www.redextremaduraverde.org\/web\/wp-json\/wp\/v2\/media\/1348"}],"wp:attachment":[{"href":"https:\/\/www.redextremaduraverde.org\/web\/wp-json\/wp\/v2\/media?parent=1347"}],"wp:term":[{"taxonomy":"category","embeddable":true,"href":"https:\/\/www.redextremaduraverde.org\/web\/wp-json\/wp\/v2\/categories?post=1347"},{"taxonomy":"post_tag","embeddable":true,"href":"https:\/\/www.redextremaduraverde.org\/web\/wp-json\/wp\/v2\/tags?post=1347"}],"curies":[{"name":"wp","href":"https:\/\/api.w.org\/{rel}","templated":true}]}}