{"id":1317,"date":"2019-11-22T13:12:50","date_gmt":"2019-11-22T13:12:50","guid":{"rendered":"http:\/\/redextremaduraverde.org\/web\/?p=1317"},"modified":"2019-11-22T13:12:50","modified_gmt":"2019-11-22T13:12:50","slug":"taller-de-eficiencia-energetica-y-sostenibilidad-en-zafra","status":"publish","type":"post","link":"https:\/\/www.redextremaduraverde.org\/web\/taller-de-eficiencia-energetica-y-sostenibilidad-en-zafra\/","title":{"rendered":"TALLER DE EFICIENCIA ENERG\u00c9TICA Y SOSTENIBILIDAD EN ZAFRA"},"content":{"rendered":"<h2>Entidad: UNIVERSIDAD POPULAR DE ZAFRA<\/h2>\n<p>Direcci\u00f3n postal de la entidad: CL HUELVA, 14<br \/>\nCorreo electr\u00f3nico de contacto: universidadpopularzafra@hotmail.com<br \/>\nTel\u00e9fono de contacto: 675485922\/924554134<\/p>\n<h4>Descripci\u00f3n de la actividad<\/h4>\n<p>Nombre de la experiencia: Taller de Eficiencia energ\u00e9tica y sostenibildidad<br \/>\nLugar de realizaci\u00f3n: Universidad Popular de Zafra<br \/>\nFecha de realizaci\u00f3n: NOVIEMBRE 2018<\/p>\n<h4>Justificaci\u00f3n<\/h4>\n<p>Como parte de la extensa programaci\u00f3n del Proyecto Municipal de Educaci\u00f3n Medioambiental \u201cZafra en Verde\u201d, se realiz\u00f3 esta actividad a trav\u00e9s de la Universidad Popular, y en el marco del programa Casas de Cultura Verde. Red de Municipios Verdes.<\/p>\n<h4>Objetivos:<\/h4>\n<ul>\n<li>\n<p class=\"western\" align=\"justify\"><span style=\"font-family: Arial, serif;\"><span style=\"font-size: small;\">Fomentar la sensibilizaci\u00f3n y motivar que las personas se conviertan en agentes activos de un desarrollo sostenible y equitativo a trav\u00e9s de las \u201cherramientas\u201d que para ello se proporcionar\u00e1 en este Taller. <\/span><\/span><\/p>\n<\/li>\n<li>\n<p class=\"western\" align=\"justify\"><span style=\"font-family: Arial, serif;\"><span style=\"font-size: small;\">Promover el papel fundamental de los colectivos y comunidades en el cambio de actitud hacia temas ambientales.<\/span><\/span><\/p>\n<\/li>\n<li>\n<p class=\"western\" align=\"justify\"><span style=\"font-family: Arial, serif;\"><span style=\"font-size: small;\">Identificar y poner en valor proyectos, actuaciones e iniciativas municipales basadas en la econom\u00eda verde y circular.<\/span><\/span><\/p>\n<\/li>\n<\/ul>\n<h4>Destinatarios \/ participantes:<\/h4>\n<p>Asociaciones, y ciudadan\u00eda en general<\/p>\n<p><strong>N\u00famero total de participantes:<\/strong><\/p>\n<p>15<\/p>\n<h4>Descripci\u00f3n de la actividad:<\/h4>\n<p class=\"western\"><span style=\"font-size: small;\">Taller que constar\u00e1 de una parte te\u00f3rica y una parte pr\u00e1ctica con la aplicaci\u00f3n de materiales ecol\u00f3gicos y de eficiencia energ\u00e9tica en el propio Centro Sociocultural \u201cGarc\u00eda de la Huerta\u201d donde se ubica la Universidad Popular de manera que sea ejemplo y centro promotor de sostenibilidad contribuyendo a la conservaci\u00f3n del medioambiente.<\/span><\/p>\n<h4>Evaluaci\u00f3n de la actividad:<\/h4>\n<p class=\"western\" align=\"justify\"><span style=\"font-size: small;\">muy buena experiencia, bien valorada por las personas participantes as\u00ed como por el t\u00e9cnico experto que lo ha impartido, Se han conseguido los objetivos marcados y puesto en pr\u00e1ctica los conocimientos te\u00f3ricos adquiridos con la instalaci\u00f3n de difusores\/ aireadores de agua, contrapeso en las cisternas, etc. en el centro sociocultural, sede de la universidad popular, como modelo de actuaci\u00f3n para centros p\u00fablicos en la adaptaci\u00f3n a eficiencia energ\u00e9tica.<\/span><\/p>\n<p>&nbsp;<\/p>\n","protected":false},"excerpt":{"rendered":"<p>Entidad: UNIVERSIDAD POPULAR DE ZAFRA Direcci\u00f3n postal de la entidad: CL HUELVA, 14 Correo electr\u00f3nico de contacto: universidadpopularzafra@hotmail.com Tel\u00e9fono de contacto: 675485922\/924554134 Descripci\u00f3n de la actividad Nombre de la experiencia: Taller de Eficiencia energ\u00e9tica y sostenibildidad Lugar de realizaci\u00f3n: Universidad Popular de Zafra Fecha de realizaci\u00f3n: NOVIEMBRE 2018 Justificaci\u00f3n Como parte de la extensa programaci\u00f3n del Proyecto Municipal de Educaci\u00f3n Medioambiental \u201cZafra en Verde\u201d, se realiz\u00f3 esta actividad a trav\u00e9s de la Universidad Popular, y en el marco del programa&hellip;<\/p>\n","protected":false},"author":2,"featured_media":1318,"comment_status":"closed","ping_status":"closed","sticky":false,"template":"","format":"standard","meta":{"jetpack_post_was_ever_published":false,"_jetpack_newsletter_access":"","_jetpack_dont_email_post_to_subs":false,"_jetpack_newsletter_tier_id":0,"_jetpack_memberships_contains_paywalled_content":false,"_jetpack_memberships_contains_paid_content":false,"footnotes":""},"categories":[5],"tags":[22],"class_list":["post-1317","post","type-post","status-publish","format-standard","has-post-thumbnail","hentry","category-iniciativas-verdes","tag-zafra","post-has-thumbnail"],"jetpack_featured_media_url":"https:\/\/www.redextremaduraverde.org\/web\/wp-content\/uploads\/2019\/11\/2.redimensionado.jpg","jetpack_sharing_enabled":true,"jetpack_shortlink":"https:\/\/wp.me\/p9MpCs-lf","_links":{"self":[{"href":"https:\/\/www.redextremaduraverde.org\/web\/wp-json\/wp\/v2\/posts\/1317","targetHints":{"allow":["GET"]}}],"collection":[{"href":"https:\/\/www.redextremaduraverde.org\/web\/wp-json\/wp\/v2\/posts"}],"about":[{"href":"https:\/\/www.redextremaduraverde.org\/web\/wp-json\/wp\/v2\/types\/post"}],"author":[{"embeddable":true,"href":"https:\/\/www.redextremaduraverde.org\/web\/wp-json\/wp\/v2\/users\/2"}],"replies":[{"embeddable":true,"href":"https:\/\/www.redextremaduraverde.org\/web\/wp-json\/wp\/v2\/comments?post=1317"}],"version-history":[{"count":1,"href":"https:\/\/www.redextremaduraverde.org\/web\/wp-json\/wp\/v2\/posts\/1317\/revisions"}],"predecessor-version":[{"id":1319,"href":"https:\/\/www.redextremaduraverde.org\/web\/wp-json\/wp\/v2\/posts\/1317\/revisions\/1319"}],"wp:featuredmedia":[{"embeddable":true,"href":"https:\/\/www.redextremaduraverde.org\/web\/wp-json\/wp\/v2\/media\/1318"}],"wp:attachment":[{"href":"https:\/\/www.redextremaduraverde.org\/web\/wp-json\/wp\/v2\/media?parent=1317"}],"wp:term":[{"taxonomy":"category","embeddable":true,"href":"https:\/\/www.redextremaduraverde.org\/web\/wp-json\/wp\/v2\/categories?post=1317"},{"taxonomy":"post_tag","embeddable":true,"href":"https:\/\/www.redextremaduraverde.org\/web\/wp-json\/wp\/v2\/tags?post=1317"}],"curies":[{"name":"wp","href":"https:\/\/api.w.org\/{rel}","templated":true}]}}