{"id":1306,"date":"2019-11-22T11:12:17","date_gmt":"2019-11-22T11:12:17","guid":{"rendered":"http:\/\/redextremaduraverde.org\/web\/?p=1306"},"modified":"2019-11-22T11:13:57","modified_gmt":"2019-11-22T11:13:57","slug":"exposicion-red-natura-2000-en-ahigal","status":"publish","type":"post","link":"https:\/\/www.redextremaduraverde.org\/web\/exposicion-red-natura-2000-en-ahigal\/","title":{"rendered":"EXPOSICI\u00d3N RED NATURA 2000 EN AHIGAL"},"content":{"rendered":"<p>Nombre de la experiencia: EXPOSICI\u00d3N RED NATURA 2000<br \/>\nLugar de realizaci\u00f3n: UNIVERSIDAD POPULAR DE AHIGAL<br \/>\nFecha de realizaci\u00f3n: OCTUBRE 2019<\/p>\n<h4>Justificaci\u00f3n<\/h4>\n<p>ACTIVIDAD DESARROLLADA EN EL MARCO DE LA RED DE MUNICIPIOS VERDES, CASAS DE CULTURA VERDE<\/p>\n<h4>Objetivos:<\/h4>\n<p>SENSIBILIZAR A LA POBLACI\u00d3N DE NUESTROS ENTORNO Y SU CUIDADO, COMO LA FAUNA Y FLORA<\/p>\n<h4>Destinatarios \/ participantes:<\/h4>\n<p>POBLACI\u00d3N EN GENERAL<\/p>\n<h4>N\u00famero total de participantes:<\/h4>\n<p>48<\/p>\n<h4>Descripci\u00f3n de la actividad:<\/h4>\n<p>EXPOSICI\u00d3N COMPUESTA POR VARIOS PANELES SITUADA EN LA UNIVERSIDAD POPULAR Y A DISPOSICI\u00d3N DE TODA LA POBLACI\u00d3N.<\/p>\n<h4>Evaluaci\u00f3n de la actividad:<\/h4>\n<p>MUY SATISFACTORIA<\/p>\n","protected":false},"excerpt":{"rendered":"<p>Nombre de la experiencia: EXPOSICI\u00d3N RED NATURA 2000 Lugar de realizaci\u00f3n: UNIVERSIDAD POPULAR DE AHIGAL Fecha de realizaci\u00f3n: OCTUBRE 2019 Justificaci\u00f3n ACTIVIDAD DESARROLLADA EN EL MARCO DE LA RED DE MUNICIPIOS VERDES, CASAS DE CULTURA VERDE Objetivos: SENSIBILIZAR A LA POBLACI\u00d3N DE NUESTROS ENTORNO Y SU CUIDADO, COMO LA FAUNA Y FLORA Destinatarios \/ participantes: POBLACI\u00d3N EN GENERAL N\u00famero total de participantes: 48 Descripci\u00f3n de la actividad: EXPOSICI\u00d3N COMPUESTA POR VARIOS PANELES SITUADA EN LA UNIVERSIDAD POPULAR Y A DISPOSICI\u00d3N&hellip;<\/p>\n","protected":false},"author":2,"featured_media":1307,"comment_status":"closed","ping_status":"closed","sticky":false,"template":"","format":"standard","meta":{"jetpack_post_was_ever_published":false,"_jetpack_newsletter_access":"","_jetpack_dont_email_post_to_subs":false,"_jetpack_newsletter_tier_id":0,"_jetpack_memberships_contains_paywalled_content":false,"_jetpack_memberships_contains_paid_content":false,"footnotes":""},"categories":[5],"tags":[13],"class_list":["post-1306","post","type-post","status-publish","format-standard","has-post-thumbnail","hentry","category-iniciativas-verdes","tag-ahigal","post-has-thumbnail"],"jetpack_featured_media_url":"https:\/\/www.redextremaduraverde.org\/web\/wp-content\/uploads\/2019\/11\/Captura-de-pantalla-de-2019-11-22-12-11-24.png","jetpack_sharing_enabled":true,"jetpack_shortlink":"https:\/\/wp.me\/p9MpCs-l4","_links":{"self":[{"href":"https:\/\/www.redextremaduraverde.org\/web\/wp-json\/wp\/v2\/posts\/1306","targetHints":{"allow":["GET"]}}],"collection":[{"href":"https:\/\/www.redextremaduraverde.org\/web\/wp-json\/wp\/v2\/posts"}],"about":[{"href":"https:\/\/www.redextremaduraverde.org\/web\/wp-json\/wp\/v2\/types\/post"}],"author":[{"embeddable":true,"href":"https:\/\/www.redextremaduraverde.org\/web\/wp-json\/wp\/v2\/users\/2"}],"replies":[{"embeddable":true,"href":"https:\/\/www.redextremaduraverde.org\/web\/wp-json\/wp\/v2\/comments?post=1306"}],"version-history":[{"count":1,"href":"https:\/\/www.redextremaduraverde.org\/web\/wp-json\/wp\/v2\/posts\/1306\/revisions"}],"predecessor-version":[{"id":1308,"href":"https:\/\/www.redextremaduraverde.org\/web\/wp-json\/wp\/v2\/posts\/1306\/revisions\/1308"}],"wp:featuredmedia":[{"embeddable":true,"href":"https:\/\/www.redextremaduraverde.org\/web\/wp-json\/wp\/v2\/media\/1307"}],"wp:attachment":[{"href":"https:\/\/www.redextremaduraverde.org\/web\/wp-json\/wp\/v2\/media?parent=1306"}],"wp:term":[{"taxonomy":"category","embeddable":true,"href":"https:\/\/www.redextremaduraverde.org\/web\/wp-json\/wp\/v2\/categories?post=1306"},{"taxonomy":"post_tag","embeddable":true,"href":"https:\/\/www.redextremaduraverde.org\/web\/wp-json\/wp\/v2\/tags?post=1306"}],"curies":[{"name":"wp","href":"https:\/\/api.w.org\/{rel}","templated":true}]}}