{"id":1242,"date":"2019-11-21T09:29:00","date_gmt":"2019-11-21T09:29:00","guid":{"rendered":"http:\/\/redextremaduraverde.org\/web\/?p=1242"},"modified":"2019-11-22T09:18:41","modified_gmt":"2019-11-22T09:18:41","slug":"proyecto-libera-en-casar-de-caceres","status":"publish","type":"post","link":"https:\/\/www.redextremaduraverde.org\/web\/proyecto-libera-en-casar-de-caceres\/","title":{"rendered":"PROYECTO LIBERA EN CASAR DE C\u00c1CERES"},"content":{"rendered":"<div class=\"post-content\">\n<div class=\"post-content\">\n<h2>Entidad: UNIVERSIDAD POPULAR HEL\u00c9NIDES DE SALAMINA DE CASAR DE C\u00c1CERES<\/h2>\n<p>Direcci\u00f3n postal de la entidad: Bda de la Diputaci\u00f3n s\/n<br \/>\nCorreo electr\u00f3nico de contacto: updireccion@casardecaceres.com<br \/>\nTel\u00e9fono de contacto: 927290008<\/p>\n<h2>Descripci\u00f3n de la actividad<\/h2>\n<p>Nombre de la experiencia: Proyecto Libera<br \/>\nLugar de realizaci\u00f3n: CASAR DE C\u00c1CERES<br \/>\nFecha de realizaci\u00f3n: JUNIO 2019<\/p>\n<h4><\/h4>\n<h4>Justificaci\u00f3n<\/h4>\n<p>Actividad enmarcada del Proyecto Casas de Cultura, Red de Municipios Verdes.<\/p>\n<h4>Objetivos:<\/h4>\n<ul>\n<li>Concienciar a las personas participantes la importancia de reducir basura.<\/li>\n<li>Sensibilizar a la poblaci\u00f3n sobre la importancia de mantener libre de basura zonas como la del Cordel y dehesa, as\u00ed como los caminos que las unen, para evitar proliferaci\u00f3n de insectos y tambi\u00e9n de incendios en \u00e9pocas calurosas.<\/li>\n<li>Interactuar con las zonas por las que se transita habitualmente y que se deben mantener limpias, reduciendo la basura, adem\u00e1s de realizar la oportuna limpieza.<\/li>\n<\/ul>\n<h4>Destinatarios \/ participantes:<\/h4>\n<p>Poblaci\u00f3n en general<\/p>\n<p><strong>N\u00famero total de participantes:<\/strong><\/p>\n<p>15<\/p>\n<h4>Descripci\u00f3n de la actividad:<\/h4>\n<p>Recogida selectiva de basura y posteriormente deposito de la misma en los respectivos contenedores ubicados en la localidad.<\/p>\n<h4>Evaluaci\u00f3n de la actividad:<\/h4>\n<p>Gran participaci\u00f3n y satisfacci\u00f3n por la actividad realizada<\/p>\n<\/div>\n<\/div>\n","protected":false},"excerpt":{"rendered":"<p>Entidad: UNIVERSIDAD POPULAR HEL\u00c9NIDES DE SALAMINA DE CASAR DE C\u00c1CERES Direcci\u00f3n postal de la entidad: Bda de la Diputaci\u00f3n s\/n Correo electr\u00f3nico de contacto: updireccion@casardecaceres.com Tel\u00e9fono de contacto: 927290008 Descripci\u00f3n de la actividad Nombre de la experiencia: Proyecto Libera Lugar de realizaci\u00f3n: CASAR DE C\u00c1CERES Fecha de realizaci\u00f3n: JUNIO 2019 Justificaci\u00f3n Actividad enmarcada del Proyecto Casas de Cultura, Red de Municipios Verdes. Objetivos: Concienciar a las personas participantes la importancia de reducir basura. Sensibilizar a la poblaci\u00f3n sobre la importancia&hellip;<\/p>\n","protected":false},"author":2,"featured_media":1243,"comment_status":"closed","ping_status":"closed","sticky":false,"template":"","format":"standard","meta":{"jetpack_post_was_ever_published":false,"_jetpack_newsletter_access":"","_jetpack_dont_email_post_to_subs":false,"_jetpack_newsletter_tier_id":0,"_jetpack_memberships_contains_paywalled_content":false,"_jetpack_memberships_contains_paid_content":false,"footnotes":""},"categories":[5],"tags":[27],"class_list":["post-1242","post","type-post","status-publish","format-standard","has-post-thumbnail","hentry","category-iniciativas-verdes","tag-casar-de-caceres","post-has-thumbnail"],"jetpack_featured_media_url":"https:\/\/www.redextremaduraverde.org\/web\/wp-content\/uploads\/2019\/11\/Foto.jpg","jetpack_sharing_enabled":false,"jetpack_shortlink":"https:\/\/wp.me\/p9MpCs-k2","_links":{"self":[{"href":"https:\/\/www.redextremaduraverde.org\/web\/wp-json\/wp\/v2\/posts\/1242","targetHints":{"allow":["GET"]}}],"collection":[{"href":"https:\/\/www.redextremaduraverde.org\/web\/wp-json\/wp\/v2\/posts"}],"about":[{"href":"https:\/\/www.redextremaduraverde.org\/web\/wp-json\/wp\/v2\/types\/post"}],"author":[{"embeddable":true,"href":"https:\/\/www.redextremaduraverde.org\/web\/wp-json\/wp\/v2\/users\/2"}],"replies":[{"embeddable":true,"href":"https:\/\/www.redextremaduraverde.org\/web\/wp-json\/wp\/v2\/comments?post=1242"}],"version-history":[{"count":2,"href":"https:\/\/www.redextremaduraverde.org\/web\/wp-json\/wp\/v2\/posts\/1242\/revisions"}],"predecessor-version":[{"id":1264,"href":"https:\/\/www.redextremaduraverde.org\/web\/wp-json\/wp\/v2\/posts\/1242\/revisions\/1264"}],"wp:featuredmedia":[{"embeddable":true,"href":"https:\/\/www.redextremaduraverde.org\/web\/wp-json\/wp\/v2\/media\/1243"}],"wp:attachment":[{"href":"https:\/\/www.redextremaduraverde.org\/web\/wp-json\/wp\/v2\/media?parent=1242"}],"wp:term":[{"taxonomy":"category","embeddable":true,"href":"https:\/\/www.redextremaduraverde.org\/web\/wp-json\/wp\/v2\/categories?post=1242"},{"taxonomy":"post_tag","embeddable":true,"href":"https:\/\/www.redextremaduraverde.org\/web\/wp-json\/wp\/v2\/tags?post=1242"}],"curies":[{"name":"wp","href":"https:\/\/api.w.org\/{rel}","templated":true}]}}