{"id":1239,"date":"2019-11-21T09:22:18","date_gmt":"2019-11-21T09:22:18","guid":{"rendered":"http:\/\/redextremaduraverde.org\/web\/?p=1239"},"modified":"2019-11-22T09:18:57","modified_gmt":"2019-11-22T09:18:57","slug":"proyecto-libera-en-piedras-albas","status":"publish","type":"post","link":"https:\/\/www.redextremaduraverde.org\/web\/proyecto-libera-en-piedras-albas\/","title":{"rendered":"PROYECTO LIBERA EN PIEDRAS ALBAS"},"content":{"rendered":"<div class=\"post-content\">\n<h2>Entidad: UNIVERSIDAD POPULAR DE PIEDRAS ALBAS<\/h2>\n<p>Direcci\u00f3n postal de la entidad: Calle Aduana, 2<br \/>\nCorreo electr\u00f3nico de contacto: registroayto@piedrasalbas.es<br \/>\nTel\u00e9fono de contacto: 927.39.02.52<\/p>\n<h2>Descripci\u00f3n de la actividad<\/h2>\n<p>Nombre de la experiencia: Participaci\u00f3n Proyecto Libera<br \/>\nLugar de realizaci\u00f3n: Zona del Cordel y la Dehesa<br \/>\nFecha de realizaci\u00f3n: JUNIO 2019<\/p>\n<h4>Justificaci\u00f3n<\/h4>\n<p>Actividad enmarcada del Proyecto Casas de Cultura, Red de Municipios Verdes.<\/p>\n<h4>Objetivos:<\/h4>\n<ul>\n<li>Concienciar a las personas participantes la importancia de reducir basura.<\/li>\n<li>Sensibilizar a la poblaci\u00f3n sobre la importancia de mantener libre de basura zonas como la del Cordel y dehesa, as\u00ed como los caminos que las unen, para evitar proliferaci\u00f3n de insectos y tambi\u00e9n de incendios en \u00e9pocas calurosas.<\/li>\n<li>Interactuar con las zonas por las que se transita habitualmente y que se deben mantener limpias, reduciendo la basura, adem\u00e1s de realizar la oportuna limpieza.<\/li>\n<\/ul>\n<h4>Destinatarios \/ participantes:<\/h4>\n<p>Poblaci\u00f3n en general<\/p>\n<p><strong>N\u00famero total de participantes:<\/strong><\/p>\n<p>20<\/p>\n<h4>Descripci\u00f3n de la actividad:<\/h4>\n<p>Recogida selectiva de basura y posteriormente deposito de la misma en los respectivos contenedores ubicados en la localidad.<\/p>\n<h4>Evaluaci\u00f3n de la actividad:<\/h4>\n<p>Gran participaci\u00f3n y satisfacci\u00f3n por la actividad realizada<\/p>\n<\/div>\n","protected":false},"excerpt":{"rendered":"<p>Entidad: UNIVERSIDAD POPULAR DE PIEDRAS ALBAS Direcci\u00f3n postal de la entidad: Calle Aduana, 2 Correo electr\u00f3nico de contacto: registroayto@piedrasalbas.es Tel\u00e9fono de contacto: 927.39.02.52 Descripci\u00f3n de la actividad Nombre de la experiencia: Participaci\u00f3n Proyecto Libera Lugar de realizaci\u00f3n: Zona del Cordel y la Dehesa Fecha de realizaci\u00f3n: JUNIO 2019 Justificaci\u00f3n Actividad enmarcada del Proyecto Casas de Cultura, Red de Municipios Verdes. Objetivos: Concienciar a las personas participantes la importancia de reducir basura. Sensibilizar a la poblaci\u00f3n sobre la importancia de mantener&hellip;<\/p>\n","protected":false},"author":2,"featured_media":1240,"comment_status":"closed","ping_status":"closed","sticky":false,"template":"","format":"standard","meta":{"jetpack_post_was_ever_published":false,"_jetpack_newsletter_access":"","_jetpack_dont_email_post_to_subs":false,"_jetpack_newsletter_tier_id":0,"_jetpack_memberships_contains_paywalled_content":false,"_jetpack_memberships_contains_paid_content":false,"footnotes":""},"categories":[5],"tags":[18],"class_list":["post-1239","post","type-post","status-publish","format-standard","has-post-thumbnail","hentry","category-iniciativas-verdes","tag-piedras-albas","post-has-thumbnail"],"jetpack_featured_media_url":"https:\/\/www.redextremaduraverde.org\/web\/wp-content\/uploads\/2019\/11\/Captura-de-pantalla-de-2019-11-21-10-20-26.png","jetpack_sharing_enabled":true,"jetpack_shortlink":"https:\/\/wp.me\/p9MpCs-jZ","_links":{"self":[{"href":"https:\/\/www.redextremaduraverde.org\/web\/wp-json\/wp\/v2\/posts\/1239","targetHints":{"allow":["GET"]}}],"collection":[{"href":"https:\/\/www.redextremaduraverde.org\/web\/wp-json\/wp\/v2\/posts"}],"about":[{"href":"https:\/\/www.redextremaduraverde.org\/web\/wp-json\/wp\/v2\/types\/post"}],"author":[{"embeddable":true,"href":"https:\/\/www.redextremaduraverde.org\/web\/wp-json\/wp\/v2\/users\/2"}],"replies":[{"embeddable":true,"href":"https:\/\/www.redextremaduraverde.org\/web\/wp-json\/wp\/v2\/comments?post=1239"}],"version-history":[{"count":3,"href":"https:\/\/www.redextremaduraverde.org\/web\/wp-json\/wp\/v2\/posts\/1239\/revisions"}],"predecessor-version":[{"id":1265,"href":"https:\/\/www.redextremaduraverde.org\/web\/wp-json\/wp\/v2\/posts\/1239\/revisions\/1265"}],"wp:featuredmedia":[{"embeddable":true,"href":"https:\/\/www.redextremaduraverde.org\/web\/wp-json\/wp\/v2\/media\/1240"}],"wp:attachment":[{"href":"https:\/\/www.redextremaduraverde.org\/web\/wp-json\/wp\/v2\/media?parent=1239"}],"wp:term":[{"taxonomy":"category","embeddable":true,"href":"https:\/\/www.redextremaduraverde.org\/web\/wp-json\/wp\/v2\/categories?post=1239"},{"taxonomy":"post_tag","embeddable":true,"href":"https:\/\/www.redextremaduraverde.org\/web\/wp-json\/wp\/v2\/tags?post=1239"}],"curies":[{"name":"wp","href":"https:\/\/api.w.org\/{rel}","templated":true}]}}