{"id":1233,"date":"2019-11-21T08:57:18","date_gmt":"2019-11-21T08:57:18","guid":{"rendered":"http:\/\/redextremaduraverde.org\/web\/?p=1233"},"modified":"2019-11-22T09:23:10","modified_gmt":"2019-11-22T09:23:10","slug":"plantando-vida-en-usagre","status":"publish","type":"post","link":"https:\/\/www.redextremaduraverde.org\/web\/plantando-vida-en-usagre\/","title":{"rendered":"PLANTANDO VIDA EN USAGRE"},"content":{"rendered":"<div class=\"post-content\">\n<h2><strong>Entidad: UP USAGRE<\/strong><\/h2>\n<p>Direcci\u00f3n postal de la entidad: C\/Pepe Larrey. N\u00ba:6. 06290. \u00a0Usagre (Badajoz)<br \/>\nCorreo electr\u00f3nico de contacto: updeusagre@outlook.es<br \/>\nTel\u00e9fono de contacto: 924585011<\/p>\n<h2><strong>Descripci\u00f3n de la actividad<\/strong><\/h2>\n<p><strong>Nombre de la experiencia: PLANTACI\u00d3N DE \u00c1RBOLES Y FLORES<\/strong><br \/>\nLugar de realizaci\u00f3n: Colegio P\u00fablico \u00abAntonio Chavero\u00bb<br \/>\nFecha de realizaci\u00f3n: Junio 2019<\/p>\n<h5><strong>Justificaci\u00f3n<\/strong><\/h5>\n<p>Con motivo de la celebraci\u00f3n del D\u00eda Mundial del Medio Ambiente (5 de junio 2017) se realiza esta actividad en el centro educativo para que los ni\u00f1os sean conscientes de la importancia de cuidar el medio ambiente y se responsabilicen con esta tarea. Al realizar esta plantaci\u00f3n deben posteriormente cuidar las plantas que han sembrado.<\/p>\n<h5><strong>Objetivos<\/strong><\/h5>\n<ul>\n<li>Sensibilizar y responsabilizar al alumnado acerca de la necesidad de cuidar el entorno.<br \/>\nFomentar la participaci\u00f3n y el compromiso de los alumnos y alumnas con la sociedad.<br \/>\nSensibilizar y potenciar actitudes favorables hacia la Naturaleza, de una manera respetuosa con el medio ambiente.<br \/>\nPromover e impulsar el respeto, cuidado y disfrute de nuestros \u00e1rboles y espacios naturales.<br \/>\nMejorar el aprendizaje y la motivaci\u00f3n a trav\u00e9s de las actividades al aire libre<\/li>\n<\/ul>\n<h5><strong>Destinatarios \/ participantes:<\/strong><\/h5>\n<p>120 Ni\u00f1os del colegio \u00abAntonio CHavero\u00bb<\/p>\n<h5><strong>Descripci\u00f3n de la actividad<\/strong><\/h5>\n<p>El desarrollo de la actividad se llevar\u00e1 a cabo durante el mes de Junio. En cinco jornadas, los diferentes cursos del centro escolar plantar\u00e1n diferentes plantas y \u00e1rboles, recibiendo los ni\u00f1os y ni\u00f1as indicaciones del cuidado de las diferentes especies que est\u00e1n plantando. Del mismo modo, tras plantar las diferentes especies y conocer sus cuidados, realizaremos un taller sobre la importancia del cuidado del medio ambiente y el reciclaje para hacer posible que nuestro planeta siga siendo habitable.<br \/>\nLos ni\u00f1os y ni\u00f1as se encargar\u00e1n durante todo el curso de realizar los cuidados a las plantas y \u00e1rboles que se van a plantar. Siendo los operarios municipales los que las mantengan en la \u00e9poca estival, durante la cual los ni\u00f1os y ni\u00f1as est\u00e1n de vacaciones.<\/p>\n<h5><strong>Evaluaci\u00f3n de la actividad:<\/strong><\/h5>\n<p>Muy satisfactoria<\/p>\n<\/div>\n","protected":false},"excerpt":{"rendered":"<p>Entidad: UP USAGRE Direcci\u00f3n postal de la entidad: C\/Pepe Larrey. N\u00ba:6. 06290. \u00a0Usagre (Badajoz) Correo electr\u00f3nico de contacto: updeusagre@outlook.es Tel\u00e9fono de contacto: 924585011 Descripci\u00f3n de la actividad Nombre de la experiencia: PLANTACI\u00d3N DE \u00c1RBOLES Y FLORES Lugar de realizaci\u00f3n: Colegio P\u00fablico \u00abAntonio Chavero\u00bb Fecha de realizaci\u00f3n: Junio 2019 Justificaci\u00f3n Con motivo de la celebraci\u00f3n del D\u00eda Mundial del Medio Ambiente (5 de junio 2017) se realiza esta actividad en el centro educativo para que los ni\u00f1os sean conscientes de la&hellip;<\/p>\n","protected":false},"author":2,"featured_media":1234,"comment_status":"closed","ping_status":"closed","sticky":false,"template":"","format":"standard","meta":{"jetpack_post_was_ever_published":false,"_jetpack_newsletter_access":"","_jetpack_dont_email_post_to_subs":false,"_jetpack_newsletter_tier_id":0,"_jetpack_memberships_contains_paywalled_content":false,"_jetpack_memberships_contains_paid_content":false,"footnotes":""},"categories":[5],"tags":[7],"class_list":["post-1233","post","type-post","status-publish","format-standard","has-post-thumbnail","hentry","category-iniciativas-verdes","tag-usagre","post-has-thumbnail"],"jetpack_featured_media_url":"https:\/\/www.redextremaduraverde.org\/web\/wp-content\/uploads\/2019\/11\/Captura-de-pantalla-de-2019-11-21-09-55-29.png","jetpack_sharing_enabled":false,"jetpack_shortlink":"https:\/\/wp.me\/p9MpCs-jT","_links":{"self":[{"href":"https:\/\/www.redextremaduraverde.org\/web\/wp-json\/wp\/v2\/posts\/1233","targetHints":{"allow":["GET"]}}],"collection":[{"href":"https:\/\/www.redextremaduraverde.org\/web\/wp-json\/wp\/v2\/posts"}],"about":[{"href":"https:\/\/www.redextremaduraverde.org\/web\/wp-json\/wp\/v2\/types\/post"}],"author":[{"embeddable":true,"href":"https:\/\/www.redextremaduraverde.org\/web\/wp-json\/wp\/v2\/users\/2"}],"replies":[{"embeddable":true,"href":"https:\/\/www.redextremaduraverde.org\/web\/wp-json\/wp\/v2\/comments?post=1233"}],"version-history":[{"count":3,"href":"https:\/\/www.redextremaduraverde.org\/web\/wp-json\/wp\/v2\/posts\/1233\/revisions"}],"predecessor-version":[{"id":1271,"href":"https:\/\/www.redextremaduraverde.org\/web\/wp-json\/wp\/v2\/posts\/1233\/revisions\/1271"}],"wp:featuredmedia":[{"embeddable":true,"href":"https:\/\/www.redextremaduraverde.org\/web\/wp-json\/wp\/v2\/media\/1234"}],"wp:attachment":[{"href":"https:\/\/www.redextremaduraverde.org\/web\/wp-json\/wp\/v2\/media?parent=1233"}],"wp:term":[{"taxonomy":"category","embeddable":true,"href":"https:\/\/www.redextremaduraverde.org\/web\/wp-json\/wp\/v2\/categories?post=1233"},{"taxonomy":"post_tag","embeddable":true,"href":"https:\/\/www.redextremaduraverde.org\/web\/wp-json\/wp\/v2\/tags?post=1233"}],"curies":[{"name":"wp","href":"https:\/\/api.w.org\/{rel}","templated":true}]}}