{"id":1173,"date":"2019-06-10T10:09:06","date_gmt":"2019-06-10T10:09:06","guid":{"rendered":"http:\/\/redextremaduraverde.org\/web\/?p=1173"},"modified":"2019-06-11T12:22:09","modified_gmt":"2019-06-11T12:22:09","slug":"huerto-urbano-salud-y-alimentacion-consciente-en-villafranca-de-los-barros","status":"publish","type":"post","link":"https:\/\/www.redextremaduraverde.org\/web\/huerto-urbano-salud-y-alimentacion-consciente-en-villafranca-de-los-barros\/","title":{"rendered":"HUERTO URBANO, SALUD Y ALIMENTACI\u00d3N CONSCIENTE EN VILLAFRANCA DE LOS BARROS"},"content":{"rendered":"<h2>Entidad: Universidad Popular Villafranca de los Barros<\/h2>\n<p>Direcci\u00f3n postal de la entidad: C\/ Calder\u00f3n de la Barca, s\/n \u2013 06220 Villafranca de los Barros<br \/>\nCorreo electr\u00f3nico de contacto: upvca@villafrancadelosbarros.es<br \/>\nTel\u00e9fono de contacto: 924527838<\/p>\n<h4>Descripci\u00f3n de la actividad<\/h4>\n<p>Nombre de la experiencia:Actividades de sensibilizaci\u00f3n y concienciaci\u00f3n en econom\u00eda circular:\u00a0 HUERTO URBANO, SALUD Y ALIMENTACI\u00d3N CONSCIENTE<br \/>\nLugar de realizaci\u00f3n: Villafranca de los Barros<br \/>\nFecha de realizaci\u00f3n:ABRIL 2019<\/p>\n<p><b>Justificaci\u00f3n<\/b><br \/>\nLos huertos urbanos son \u00e1reas verdes dise\u00f1adas para producir alimentos vegetales dentro de las ciudades, son tambi\u00e9n conocidos como \u201cjardines comestibles\u201d y otorgan beneficios a nivel nutricional, ambiental, social y hasta econ\u00f3mico<\/p>\n<p>Beneficios nutricionales. Cultivar una parte de nuestros alimentos en casa nos permite elegir qu\u00e9 comer probando y descubriendo nuevos sabores, asimismo, conocer el origen de esos alimentos es indispensable para nuestra salud<\/p>\n<p>Beneficios al medio ambiente. El uso de insumos y productos ecol\u00f3gicos, asegura el cuidado al medio ambiente, adem\u00e1s, las actividades agropecuarias que se realizan dentro de zonas urbanas y periurbanas reducen la huella generada por la conservaci\u00f3n y transportaci\u00f3n<\/p>\n<p>Beneficios a la sociedad. El contacto con la naturaleza a trav\u00e9s de los alimentos crea consciencia sobre nuestra conducta, h\u00e1bitos y costumbres, construyendo, de este modo, ciudadanos responsables<\/p>\n<p>Beneficios econ\u00f3micos. Lograr el autoconsumo y tener rendimiento es posible si se planea adecuadamente. Los jardines comestibles pueden generar ingresos familiares y comunitarios, creando microeconom\u00edas. Es posible ofrecer productos locales con cero huella ecol\u00f3gica, como compostas urbanas, conservas de alimentos, semillas, ensaladas, productos para la higiene y belleza, entre otro<\/p>\n<p><b>Objetivos<\/b>:<br \/>\n\u2013 Desarrollar actitudes y valores de respeto hacia el medio ambiente (reducir, reutilizar, reciclar)<\/p>\n<p>\u2013 Adquirir los conocimientos suficientes para poder producir por nosotros mismos la mayor cantidad de alimentos b\u00e1sicos para una alimentaci\u00f3n sana dentro del contexto de un huerto familiar, haci\u00e9ndolo de la manera m\u00e1s ecol\u00f3gica y saludable.<\/p>\n<p>\u2013 Disminuir la huella ecol\u00f3gica.<\/p>\n<p>\u2013 Usar eficientemente los recursos.<\/p>\n<p>\u2013 Adquirir conocimientos para aprovechar un espacio para la producci\u00f3n de hortalizas de auto-consumo con un cuidado casero y org\u00e1nico.<br \/>\n<b>Destinatarios \/ participantes<\/b>:<br \/>\nPersonas con inquietudes por el medio ambiente, el consumo responsable y la alimentaci\u00f3n sana y ecol\u00f3gica.<br \/>\n<b>N\u00famero total de participantes<\/b>:<br \/>\n12<br \/>\n<b>Descripci\u00f3n de la actividad<\/b>:<br \/>\nCharla \u2013 coloquio sobre la econom\u00eda circular en la industria agroalimentaria. Oportunidades de negocio. Los grupos de consumo.<\/p>\n<p>Taller de huerto urbano te\u00f3rico-pr\u00e1ctico. Introducci\u00f3n al huerto. Generalidades de la planta. Cuidando el huerto. Pr\u00e1cticas.<br \/>\n<b>Evaluaci\u00f3n de la actividad<\/b>:<br \/>\nEn l\u00edneas generales la evaluaci\u00f3n ha sido muy positiva. Los 12 participantes han acudido de manera constante y puntual. Han realizado todas las tareas y actividades que se les han planteado adem\u00e1s de participar de manera muy activa en debates, charlas y coloquio relacionadas con la tem\u00e1tica de la formaci\u00f3n. Los participantes han destacado en las evaluaciones del curso que les gustar\u00eda otra segunda edici\u00f3n y que la duraci\u00f3n fuese mayor.<\/p>\n<p>La comparecencia de un hortelano de los huertos municipales ha sido de enorme ayuda y ha sido muy valorada por parte de los alumnos.<\/p>\n","protected":false},"excerpt":{"rendered":"<p>Entidad: Universidad Popular Villafranca de los Barros Direcci\u00f3n postal de la entidad: C\/ Calder\u00f3n de la Barca, s\/n \u2013 06220 Villafranca de los Barros Correo electr\u00f3nico de contacto: upvca@villafrancadelosbarros.es Tel\u00e9fono de contacto: 924527838 Descripci\u00f3n de la actividad Nombre de la experiencia:Actividades de sensibilizaci\u00f3n y concienciaci\u00f3n en econom\u00eda circular:\u00a0 HUERTO URBANO, SALUD Y ALIMENTACI\u00d3N CONSCIENTE Lugar de realizaci\u00f3n: Villafranca de los Barros Fecha de realizaci\u00f3n:ABRIL 2019 Justificaci\u00f3n Los huertos urbanos son \u00e1reas verdes dise\u00f1adas para producir alimentos vegetales dentro de las&hellip;<\/p>\n","protected":false},"author":2,"featured_media":1208,"comment_status":"closed","ping_status":"closed","sticky":false,"template":"","format":"standard","meta":{"jetpack_post_was_ever_published":false,"_jetpack_newsletter_access":"","_jetpack_dont_email_post_to_subs":false,"_jetpack_newsletter_tier_id":0,"_jetpack_memberships_contains_paywalled_content":false,"_jetpack_memberships_contains_paid_content":false,"footnotes":""},"categories":[5],"tags":[24],"class_list":["post-1173","post","type-post","status-publish","format-standard","has-post-thumbnail","hentry","category-iniciativas-verdes","tag-villafranca-de-los-barros","post-has-thumbnail"],"jetpack_featured_media_url":"https:\/\/www.redextremaduraverde.org\/web\/wp-content\/uploads\/2019\/06\/WhatsApp-Image-2019-04-25-at-23.20.58.jpeg","jetpack_sharing_enabled":true,"jetpack_shortlink":"https:\/\/wp.me\/p9MpCs-iV","_links":{"self":[{"href":"https:\/\/www.redextremaduraverde.org\/web\/wp-json\/wp\/v2\/posts\/1173","targetHints":{"allow":["GET"]}}],"collection":[{"href":"https:\/\/www.redextremaduraverde.org\/web\/wp-json\/wp\/v2\/posts"}],"about":[{"href":"https:\/\/www.redextremaduraverde.org\/web\/wp-json\/wp\/v2\/types\/post"}],"author":[{"embeddable":true,"href":"https:\/\/www.redextremaduraverde.org\/web\/wp-json\/wp\/v2\/users\/2"}],"replies":[{"embeddable":true,"href":"https:\/\/www.redextremaduraverde.org\/web\/wp-json\/wp\/v2\/comments?post=1173"}],"version-history":[{"count":3,"href":"https:\/\/www.redextremaduraverde.org\/web\/wp-json\/wp\/v2\/posts\/1173\/revisions"}],"predecessor-version":[{"id":1209,"href":"https:\/\/www.redextremaduraverde.org\/web\/wp-json\/wp\/v2\/posts\/1173\/revisions\/1209"}],"wp:featuredmedia":[{"embeddable":true,"href":"https:\/\/www.redextremaduraverde.org\/web\/wp-json\/wp\/v2\/media\/1208"}],"wp:attachment":[{"href":"https:\/\/www.redextremaduraverde.org\/web\/wp-json\/wp\/v2\/media?parent=1173"}],"wp:term":[{"taxonomy":"category","embeddable":true,"href":"https:\/\/www.redextremaduraverde.org\/web\/wp-json\/wp\/v2\/categories?post=1173"},{"taxonomy":"post_tag","embeddable":true,"href":"https:\/\/www.redextremaduraverde.org\/web\/wp-json\/wp\/v2\/tags?post=1173"}],"curies":[{"name":"wp","href":"https:\/\/api.w.org\/{rel}","templated":true}]}}