{"id":1138,"date":"2019-06-07T10:05:49","date_gmt":"2019-06-07T10:05:49","guid":{"rendered":"http:\/\/redextremaduraverde.org\/web\/?p=1138"},"modified":"2019-06-07T10:05:49","modified_gmt":"2019-06-07T10:05:49","slug":"siglo-xvi-versus-siglo-xxi-en-gudalupe","status":"publish","type":"post","link":"https:\/\/www.redextremaduraverde.org\/web\/siglo-xvi-versus-siglo-xxi-en-gudalupe\/","title":{"rendered":"SIGLO XVI VERSUS SIGLO XXI EN GUDALUPE"},"content":{"rendered":"<div class=\"post-content\">\n<h2>Entidad: UNIVERSIDAD POPULAR GREGORIO LOPEZ DE GUADALUPE<\/h2>\n<p>Direcci\u00f3n postal de la entidad: Vi\u00f1a Mayor, s\/n<br \/>\nTel\u00e9fono de contacto: 927367326<\/p>\n<h4>Descripci\u00f3n de la actividad<\/h4>\n<p>Nombre de la experiencia: SIGLO XVI VERSUS SIGLO XXI EN GUDALUPE<br \/>\nLugar de realizaci\u00f3n: ENTORNO DE GUADALUPE<br \/>\nFecha de realizaci\u00f3n: MAYO 2019<\/p>\n<h4>Justificaci\u00f3n<\/h4>\n<p>ACTIVIDAD DESARROLLADA EN EL MARCO DE LA RED DE MUNICIPIOS VERDES, CASAS DE CULTURA VERDE<\/p>\n<h4>Objetivos:<\/h4>\n<p>Viaje a trav\u00e9s del tiempo desde el Guadalupe del S.XVI, A trav\u00e9s de una ruta a pie de 4 km. de duraci\u00f3n, iremos pasando por diferentes espacios que dej\u00f3 dibujados y los iremos comparando con el Guadalupe actual y los cambios sufridos por la poblaci\u00f3n, haciendo especial hincapi\u00e9 en esos cambios que han supuesto una transformaci\u00f3n radical tanto del paisaje urbano y natural, como de las formas de vida m\u00e1s c\u00f3modas, pero quiz\u00e1s menos sostenibles.<\/p>\n<h4>Destinatarios \/ participantes:<\/h4>\n<p>POBLACI\u00d3N ADULTA<\/p>\n<h4>N\u00famero total de participantes:<\/h4>\n<p>11<\/p>\n<h4>Descripci\u00f3n de la actividad:<\/h4>\n<p>Como el recorrido transcurre dentro y fuera de la poblaci\u00f3n, se utilizar\u00e1n diferentes<br \/>\nrecursos did\u00e1cticos de apoyo como ilustraciones y gr\u00e1ficos, pero la mayor\u00eda de los<br \/>\ncontenidos transmitidos se apoyar\u00e1n en los propios recursos urbanos e interurbanos<br \/>\nque vayamos encontrando en el recorrido, relacionados con la tem\u00e1tica de la actividad, intentando que los participantes se impliquen y aporten sus conclusiones o razonamientos sobre las cuestiones planteadas.<\/p>\n<h4>Evaluaci\u00f3n de la actividad:<\/h4>\n<p>La personas asistentes mostraron un gran inter\u00e9s en los cambios sufridos en el<br \/>\npaisaje a lo largo del tiempo. E interactuaron en debatir los cambios de usos del ser<br \/>\nhumano, coincidiendo en que se ha ido buscando m\u00e1s nuestra comodidad que la<br \/>\nsostenibilidad con el entorno. Adem\u00e1s se debati\u00f3 sobre de formas de cambiar hacia<br \/>\nuna mejor sostenibilidad con el medio ambiente.<\/p>\n<\/div>\n","protected":false},"excerpt":{"rendered":"<p>Entidad: UNIVERSIDAD POPULAR GREGORIO LOPEZ DE GUADALUPE Direcci\u00f3n postal de la entidad: Vi\u00f1a Mayor, s\/n Tel\u00e9fono de contacto: 927367326 Descripci\u00f3n de la actividad Nombre de la experiencia: SIGLO XVI VERSUS SIGLO XXI EN GUDALUPE Lugar de realizaci\u00f3n: ENTORNO DE GUADALUPE Fecha de realizaci\u00f3n: MAYO 2019 Justificaci\u00f3n ACTIVIDAD DESARROLLADA EN EL MARCO DE LA RED DE MUNICIPIOS VERDES, CASAS DE CULTURA VERDE Objetivos: Viaje a trav\u00e9s del tiempo desde el Guadalupe del S.XVI, A trav\u00e9s de una ruta a pie de&hellip;<\/p>\n","protected":false},"author":2,"featured_media":1139,"comment_status":"open","ping_status":"closed","sticky":false,"template":"","format":"standard","meta":{"jetpack_post_was_ever_published":false,"_jetpack_newsletter_access":"","_jetpack_dont_email_post_to_subs":false,"_jetpack_newsletter_tier_id":0,"_jetpack_memberships_contains_paywalled_content":false,"_jetpack_memberships_contains_paid_content":false,"footnotes":""},"categories":[5],"tags":[10],"class_list":["post-1138","post","type-post","status-publish","format-standard","has-post-thumbnail","hentry","category-iniciativas-verdes","tag-guadalupe","post-has-thumbnail"],"jetpack_featured_media_url":"https:\/\/www.redextremaduraverde.org\/web\/wp-content\/uploads\/2019\/06\/Captura-de-pantalla-de-2019-06-07-11-21-18.png","jetpack_sharing_enabled":false,"jetpack_shortlink":"https:\/\/wp.me\/p9MpCs-im","_links":{"self":[{"href":"https:\/\/www.redextremaduraverde.org\/web\/wp-json\/wp\/v2\/posts\/1138","targetHints":{"allow":["GET"]}}],"collection":[{"href":"https:\/\/www.redextremaduraverde.org\/web\/wp-json\/wp\/v2\/posts"}],"about":[{"href":"https:\/\/www.redextremaduraverde.org\/web\/wp-json\/wp\/v2\/types\/post"}],"author":[{"embeddable":true,"href":"https:\/\/www.redextremaduraverde.org\/web\/wp-json\/wp\/v2\/users\/2"}],"replies":[{"embeddable":true,"href":"https:\/\/www.redextremaduraverde.org\/web\/wp-json\/wp\/v2\/comments?post=1138"}],"version-history":[{"count":1,"href":"https:\/\/www.redextremaduraverde.org\/web\/wp-json\/wp\/v2\/posts\/1138\/revisions"}],"predecessor-version":[{"id":1140,"href":"https:\/\/www.redextremaduraverde.org\/web\/wp-json\/wp\/v2\/posts\/1138\/revisions\/1140"}],"wp:featuredmedia":[{"embeddable":true,"href":"https:\/\/www.redextremaduraverde.org\/web\/wp-json\/wp\/v2\/media\/1139"}],"wp:attachment":[{"href":"https:\/\/www.redextremaduraverde.org\/web\/wp-json\/wp\/v2\/media?parent=1138"}],"wp:term":[{"taxonomy":"category","embeddable":true,"href":"https:\/\/www.redextremaduraverde.org\/web\/wp-json\/wp\/v2\/categories?post=1138"},{"taxonomy":"post_tag","embeddable":true,"href":"https:\/\/www.redextremaduraverde.org\/web\/wp-json\/wp\/v2\/tags?post=1138"}],"curies":[{"name":"wp","href":"https:\/\/api.w.org\/{rel}","templated":true}]}}