{"id":1104,"date":"2019-06-03T06:18:34","date_gmt":"2019-06-03T06:18:34","guid":{"rendered":"http:\/\/redextremaduraverde.org\/web\/?p=1104"},"modified":"2019-06-03T06:18:34","modified_gmt":"2019-06-03T06:18:34","slug":"taller-de-etnobotanica-uso-y-aprovechamiento-de-las-plantas-en-zafra","status":"publish","type":"post","link":"https:\/\/www.redextremaduraverde.org\/web\/taller-de-etnobotanica-uso-y-aprovechamiento-de-las-plantas-en-zafra\/","title":{"rendered":"TALLER DE ETNOB\u00d3TANICA, USO Y APROVECHAMIENTO DE LAS PLANTAS EN ZAFRA"},"content":{"rendered":"<h4>Direcci\u00f3n postal de la entidad: 06300<br \/>\nCorreo electr\u00f3nico de contacto: zafraenverde@gmail.com<br \/>\nTel\u00e9fono de contacto: 675486184<\/h4>\n<h2>Descripci\u00f3n de la actividad<\/h2>\n<p>Nombre de la experiencia: Taller de etnobot\u00e1nica. Uso y aprovechamiento de las plantas. Elaboraci\u00f3n de un b\u00e1lsamo labial<br \/>\nLugar de realizaci\u00f3n: Universidad Popular de Zafra<\/p>\n<p>Fecha de realizaci\u00f3n: ABRIL 2019<\/p>\n<h2>Justificaci\u00f3n<\/h2>\n<p>Actividad realizada en el marco del programa Casas de Cultura Verde. Red de Municipios Verdes<\/p>\n<h4>Objetivos:<\/h4>\n<p>\u2013 Conocer la importancia de los conocimientos tradicionales relativos a la biodiversidad.<br \/>\n\u2013 Aprender a elaborar diferentes productos usando plantas del entorno como se hac\u00eda anta\u00f1o, y as\u00ed reducir el uso diario de envases, qu\u00edmicos industriales, etc.<br \/>\n\u2013 Reconocer las plantas m\u00e1s importantes o representativas para diversas utilidades (alimentaci\u00f3n, medicina, construcci\u00f3n, industria y artesan\u00eda, etc) en Extremadura.<br \/>\n\u2013 Ayudar al alumno a innovar en su \u00e1mbito utilizando la naturaleza como recurso.<\/p>\n<h4>Destinatarios \/ participantes:<\/h4>\n<p>Poblaci\u00f3n en general<\/p>\n<h4>N\u00famero total de participantes:<\/h4>\n<p>18<\/p>\n<h4>Descripci\u00f3n de la actividad:<\/h4>\n<p>El taller se enfoca en el conocimiento de la etnobot\u00e1nica, recursos, gesti\u00f3n, etc. que pueden aplicarse de forma pr\u00e1ctica.<\/p>\n<p>&nbsp;<\/p>\n<h4>Evaluaci\u00f3n de la actividad<\/h4>\n<p>El taller se desarroll\u00f3 de forma din\u00e1mica, mezclando diapositivas, como material digital, y material vivo y conservado, a modo de exposici\u00f3n en la mesa central, para conocerlo, olerlo y tocarlo, al mismo tiempo que se explicaban las caracter\u00edsticas de cada uno. En la \u00faltima parte del taller la monitora, con ayuda de una de las participantes, elaboraron un b\u00e1lsamo labial con productos naturales, que se les entreg\u00f3 a cada uno de los asistentes.<\/p>\n","protected":false},"excerpt":{"rendered":"<p>Direcci\u00f3n postal de la entidad: 06300 Correo electr\u00f3nico de contacto: zafraenverde@gmail.com Tel\u00e9fono de contacto: 675486184 Descripci\u00f3n de la actividad Nombre de la experiencia: Taller de etnobot\u00e1nica. Uso y aprovechamiento de las plantas. Elaboraci\u00f3n de un b\u00e1lsamo labial Lugar de realizaci\u00f3n: Universidad Popular de Zafra Fecha de realizaci\u00f3n: ABRIL 2019 Justificaci\u00f3n Actividad realizada en el marco del programa Casas de Cultura Verde. Red de Municipios Verdes Objetivos: \u2013 Conocer la importancia de los conocimientos tradicionales relativos a la biodiversidad. \u2013 Aprender&hellip;<\/p>\n","protected":false},"author":2,"featured_media":1105,"comment_status":"closed","ping_status":"closed","sticky":false,"template":"","format":"standard","meta":{"jetpack_post_was_ever_published":false,"_jetpack_newsletter_access":"","_jetpack_dont_email_post_to_subs":false,"_jetpack_newsletter_tier_id":0,"_jetpack_memberships_contains_paywalled_content":false,"_jetpack_memberships_contains_paid_content":false,"footnotes":""},"categories":[5],"tags":[22],"class_list":["post-1104","post","type-post","status-publish","format-standard","has-post-thumbnail","hentry","category-iniciativas-verdes","tag-zafra","post-has-thumbnail"],"jetpack_featured_media_url":"https:\/\/www.redextremaduraverde.org\/web\/wp-content\/uploads\/2019\/06\/IMG_20190426_133333.jpg","jetpack_sharing_enabled":false,"jetpack_shortlink":"https:\/\/wp.me\/p9MpCs-hO","_links":{"self":[{"href":"https:\/\/www.redextremaduraverde.org\/web\/wp-json\/wp\/v2\/posts\/1104","targetHints":{"allow":["GET"]}}],"collection":[{"href":"https:\/\/www.redextremaduraverde.org\/web\/wp-json\/wp\/v2\/posts"}],"about":[{"href":"https:\/\/www.redextremaduraverde.org\/web\/wp-json\/wp\/v2\/types\/post"}],"author":[{"embeddable":true,"href":"https:\/\/www.redextremaduraverde.org\/web\/wp-json\/wp\/v2\/users\/2"}],"replies":[{"embeddable":true,"href":"https:\/\/www.redextremaduraverde.org\/web\/wp-json\/wp\/v2\/comments?post=1104"}],"version-history":[{"count":1,"href":"https:\/\/www.redextremaduraverde.org\/web\/wp-json\/wp\/v2\/posts\/1104\/revisions"}],"predecessor-version":[{"id":1106,"href":"https:\/\/www.redextremaduraverde.org\/web\/wp-json\/wp\/v2\/posts\/1104\/revisions\/1106"}],"wp:featuredmedia":[{"embeddable":true,"href":"https:\/\/www.redextremaduraverde.org\/web\/wp-json\/wp\/v2\/media\/1105"}],"wp:attachment":[{"href":"https:\/\/www.redextremaduraverde.org\/web\/wp-json\/wp\/v2\/media?parent=1104"}],"wp:term":[{"taxonomy":"category","embeddable":true,"href":"https:\/\/www.redextremaduraverde.org\/web\/wp-json\/wp\/v2\/categories?post=1104"},{"taxonomy":"post_tag","embeddable":true,"href":"https:\/\/www.redextremaduraverde.org\/web\/wp-json\/wp\/v2\/tags?post=1104"}],"curies":[{"name":"wp","href":"https:\/\/api.w.org\/{rel}","templated":true}]}}