{"id":1083,"date":"2019-03-25T08:00:11","date_gmt":"2019-03-25T08:00:11","guid":{"rendered":"http:\/\/redextremaduraverde.org\/web\/?p=1083"},"modified":"2019-03-25T08:36:08","modified_gmt":"2019-03-25T08:36:08","slug":"1083","status":"publish","type":"post","link":"https:\/\/www.redextremaduraverde.org\/web\/1083\/","title":{"rendered":"REFORESTACI\u00d3N DE ENCINAS EN NAVALVILLAR DE PELA"},"content":{"rendered":"<h2>Entidad: UNIVERSIDAD POPULAR PELE\u00d1A<\/h2>\n<p>Direcci\u00f3n postal de la entidad: C\/ Lepanto, 1<br \/>\nCorreo electr\u00f3nico de contacto: universipopular@navalvillardepela.es<br \/>\nTel\u00e9fono de contacto: 924861800 EXT.250<\/p>\n<h2>Descripci\u00f3n de la actividad<\/h2>\n<p>REFORESTACI\u00d3N DE ENCINAS EN NAVALVILLAR DE PELA<br \/>\nLugar de realizaci\u00f3n: DEHESA MOHEDA ALTA<br \/>\nFecha de realizaci\u00f3n: 09\/03\/2019<\/p>\n<h4>Justificaci\u00f3n<\/h4>\n<p>Actividad enmarcada dentro del Marco de Casas de Cultura Verde, Red de municipios Verdes<\/p>\n<h4>Objetivos:<\/h4>\n<p>Concienciaci\u00f3n y sensibilizaci\u00f3n medioambiental desarrollando una actividad pr\u00e1ctica como la reforestaci\u00f3n de encinas.<\/p>\n<h4>\nDestinatarios \/ participantes:<\/h4>\n<p>Padres y ni\u00f1os<\/p>\n<h4>\nN\u00famero total de participantes:<\/h4>\n<p>34<\/p>\n<h4>\nDescripci\u00f3n de la actividad:<\/h4>\n<p>En la Dehesa Moheda Alta de Navalvillar de Pela se ha reforestado con una especie aut\u00f3ctona de encina y posterior apadrinamiento.<\/p>\n<h4>\nEvaluaci\u00f3n de la actividad:<\/h4>\n<p>Muy Satisfactoria<\/p>\n","protected":false},"excerpt":{"rendered":"<p>Entidad: UNIVERSIDAD POPULAR PELE\u00d1A Direcci\u00f3n postal de la entidad: C\/ Lepanto, 1 Correo electr\u00f3nico de contacto: universipopular@navalvillardepela.es Tel\u00e9fono de contacto: 924861800 EXT.250 Descripci\u00f3n de la actividad REFORESTACI\u00d3N DE ENCINAS EN NAVALVILLAR DE PELA Lugar de realizaci\u00f3n: DEHESA MOHEDA ALTA Fecha de realizaci\u00f3n: 09\/03\/2019 Justificaci\u00f3n Actividad enmarcada dentro del Marco de Casas de Cultura Verde, Red de municipios Verdes Objetivos: Concienciaci\u00f3n y sensibilizaci\u00f3n medioambiental desarrollando una actividad pr\u00e1ctica como la reforestaci\u00f3n de encinas. Destinatarios \/ participantes: Padres y ni\u00f1os N\u00famero total&hellip;<\/p>\n","protected":false},"author":2,"featured_media":1084,"comment_status":"closed","ping_status":"closed","sticky":false,"template":"","format":"standard","meta":{"jetpack_post_was_ever_published":false,"_jetpack_newsletter_access":"","_jetpack_dont_email_post_to_subs":false,"_jetpack_newsletter_tier_id":0,"_jetpack_memberships_contains_paywalled_content":false,"_jetpack_memberships_contains_paid_content":false,"footnotes":""},"categories":[5],"tags":[14],"class_list":["post-1083","post","type-post","status-publish","format-standard","has-post-thumbnail","hentry","category-iniciativas-verdes","tag-navalvillar-de-pela","post-has-thumbnail"],"jetpack_featured_media_url":"https:\/\/www.redextremaduraverde.org\/web\/wp-content\/uploads\/2019\/03\/Captura-de-pantalla-de-2019-03-21-09-14-26.png","jetpack_sharing_enabled":false,"jetpack_shortlink":"https:\/\/wp.me\/s9MpCs-1083","_links":{"self":[{"href":"https:\/\/www.redextremaduraverde.org\/web\/wp-json\/wp\/v2\/posts\/1083","targetHints":{"allow":["GET"]}}],"collection":[{"href":"https:\/\/www.redextremaduraverde.org\/web\/wp-json\/wp\/v2\/posts"}],"about":[{"href":"https:\/\/www.redextremaduraverde.org\/web\/wp-json\/wp\/v2\/types\/post"}],"author":[{"embeddable":true,"href":"https:\/\/www.redextremaduraverde.org\/web\/wp-json\/wp\/v2\/users\/2"}],"replies":[{"embeddable":true,"href":"https:\/\/www.redextremaduraverde.org\/web\/wp-json\/wp\/v2\/comments?post=1083"}],"version-history":[{"count":2,"href":"https:\/\/www.redextremaduraverde.org\/web\/wp-json\/wp\/v2\/posts\/1083\/revisions"}],"predecessor-version":[{"id":1089,"href":"https:\/\/www.redextremaduraverde.org\/web\/wp-json\/wp\/v2\/posts\/1083\/revisions\/1089"}],"wp:featuredmedia":[{"embeddable":true,"href":"https:\/\/www.redextremaduraverde.org\/web\/wp-json\/wp\/v2\/media\/1084"}],"wp:attachment":[{"href":"https:\/\/www.redextremaduraverde.org\/web\/wp-json\/wp\/v2\/media?parent=1083"}],"wp:term":[{"taxonomy":"category","embeddable":true,"href":"https:\/\/www.redextremaduraverde.org\/web\/wp-json\/wp\/v2\/categories?post=1083"},{"taxonomy":"post_tag","embeddable":true,"href":"https:\/\/www.redextremaduraverde.org\/web\/wp-json\/wp\/v2\/tags?post=1083"}],"curies":[{"name":"wp","href":"https:\/\/api.w.org\/{rel}","templated":true}]}}