{"id":1061,"date":"2019-02-25T12:21:16","date_gmt":"2019-02-25T12:21:16","guid":{"rendered":"http:\/\/redextremaduraverde.org\/web\/?p=1061"},"modified":"2019-02-25T12:28:23","modified_gmt":"2019-02-25T12:28:23","slug":"iniciacion-el-huerto-urbano-mi-huerta-en-casa-de-villanueva-de-la-serena","status":"publish","type":"post","link":"https:\/\/www.redextremaduraverde.org\/web\/iniciacion-el-huerto-urbano-mi-huerta-en-casa-de-villanueva-de-la-serena\/","title":{"rendered":"INICIACI\u00d3N EL HUERTO URBANO, MI HUERTA EN CASA DE VILLANUEVA DE LA SERENA"},"content":{"rendered":"<h2>Entidad: UNIVERSIDAD POPULAR DE VILLANUEVA DE LA SERENA<\/h2>\n<p>Responsable t\u00e9cnico de la experiencia: CLARA SOLOMANDO<\/p>\n<p>Direcci\u00f3n postal de la entidad: Centro Educativo Municipal. C\/Jos\u00e9 Miguel Santiago Castelo. N\u00ba :7<br \/>\nCorreo electr\u00f3nico de contacto: univpopular@villanuevadelaserena.es<br \/>\nTel\u00e9fono de contacto: 924841690<\/p>\n<h2>Descripci\u00f3n de la actividad<\/h2>\n<p>Nombre de la experiencia: TALLER DE INICIACI\u00d3N AL HUERTO URBANO, MI HUERTA EN CASA<br \/>\nLugar de realizaci\u00f3n: VILLANUEVA DE LA SERENA<br \/>\nFecha de realizaci\u00f3n: DICIEMBRE 2018<\/p>\n<h4>Justificaci\u00f3n<\/h4>\n<p>ACTIVIDAD DESARROLLADA EN EL MARCO DE LA RED DE MUNICIPIOS VERDES, CASAS DE CULTURA VERDE,<\/p>\n<h4>Objetivos:<\/h4>\n<p>CONTRIBUIR A LA MEJORA DEL PAISAJE URBANO<br \/>\nPROMOVER BUENAS PRACTICAS DE AGRICULTURA ECOL\u00d3GICA<br \/>\nFOMENTAR EL USO DEL ESPACIO P\u00daBLICO FOMENTANDO EL AUTOCONSUMO<\/p>\n<h4>Destinatarios \/ participantes:<\/h4>\n<p>POBLACI\u00d3N ADULTA<\/p>\n<h4>N\u00famero total de participantes:<\/h4>\n<p>6<\/p>\n<h4>Descripci\u00f3n de la actividad:<\/h4>\n<p>TALLER TE\u00d3RICO Y PR\u00c1CTICO DE INICIARSE A LA CREACI\u00d3N DE UN HUERTO EN CASA, SEMILLAS, RIEGOS, TEMPORADAS\u2026.<\/p>\n<h4>Evaluaci\u00f3n de la actividad:<\/h4>\n<p>MUY SATISFACTORIA<\/p>\n","protected":false},"excerpt":{"rendered":"<p>Entidad: UNIVERSIDAD POPULAR DE VILLANUEVA DE LA SERENA Responsable t\u00e9cnico de la experiencia: CLARA SOLOMANDO Direcci\u00f3n postal de la entidad: Centro Educativo Municipal. C\/Jos\u00e9 Miguel Santiago Castelo. N\u00ba :7 Correo electr\u00f3nico de contacto: univpopular@villanuevadelaserena.es Tel\u00e9fono de contacto: 924841690 Descripci\u00f3n de la actividad Nombre de la experiencia: TALLER DE INICIACI\u00d3N AL HUERTO URBANO, MI HUERTA EN CASA Lugar de realizaci\u00f3n: VILLANUEVA DE LA SERENA Fecha de realizaci\u00f3n: DICIEMBRE 2018 Justificaci\u00f3n ACTIVIDAD DESARROLLADA EN EL MARCO DE LA RED DE MUNICIPIOS VERDES,&hellip;<\/p>\n","protected":false},"author":2,"featured_media":1067,"comment_status":"closed","ping_status":"closed","sticky":false,"template":"","format":"standard","meta":{"jetpack_post_was_ever_published":false,"_jetpack_newsletter_access":"","_jetpack_dont_email_post_to_subs":false,"_jetpack_newsletter_tier_id":0,"_jetpack_memberships_contains_paywalled_content":false,"_jetpack_memberships_contains_paid_content":false,"footnotes":""},"categories":[5],"tags":[20],"class_list":["post-1061","post","type-post","status-publish","format-standard","has-post-thumbnail","hentry","category-iniciativas-verdes","tag-villanueva-de-la-serena","post-has-thumbnail"],"jetpack_featured_media_url":"https:\/\/www.redextremaduraverde.org\/web\/wp-content\/uploads\/2019\/02\/2.jpg","jetpack_sharing_enabled":false,"jetpack_shortlink":"https:\/\/wp.me\/p9MpCs-h7","_links":{"self":[{"href":"https:\/\/www.redextremaduraverde.org\/web\/wp-json\/wp\/v2\/posts\/1061","targetHints":{"allow":["GET"]}}],"collection":[{"href":"https:\/\/www.redextremaduraverde.org\/web\/wp-json\/wp\/v2\/posts"}],"about":[{"href":"https:\/\/www.redextremaduraverde.org\/web\/wp-json\/wp\/v2\/types\/post"}],"author":[{"embeddable":true,"href":"https:\/\/www.redextremaduraverde.org\/web\/wp-json\/wp\/v2\/users\/2"}],"replies":[{"embeddable":true,"href":"https:\/\/www.redextremaduraverde.org\/web\/wp-json\/wp\/v2\/comments?post=1061"}],"version-history":[{"count":1,"href":"https:\/\/www.redextremaduraverde.org\/web\/wp-json\/wp\/v2\/posts\/1061\/revisions"}],"predecessor-version":[{"id":1062,"href":"https:\/\/www.redextremaduraverde.org\/web\/wp-json\/wp\/v2\/posts\/1061\/revisions\/1062"}],"wp:featuredmedia":[{"embeddable":true,"href":"https:\/\/www.redextremaduraverde.org\/web\/wp-json\/wp\/v2\/media\/1067"}],"wp:attachment":[{"href":"https:\/\/www.redextremaduraverde.org\/web\/wp-json\/wp\/v2\/media?parent=1061"}],"wp:term":[{"taxonomy":"category","embeddable":true,"href":"https:\/\/www.redextremaduraverde.org\/web\/wp-json\/wp\/v2\/categories?post=1061"},{"taxonomy":"post_tag","embeddable":true,"href":"https:\/\/www.redextremaduraverde.org\/web\/wp-json\/wp\/v2\/tags?post=1061"}],"curies":[{"name":"wp","href":"https:\/\/api.w.org\/{rel}","templated":true}]}}