{"id":1025,"date":"2019-02-06T12:34:41","date_gmt":"2019-02-06T12:34:41","guid":{"rendered":"http:\/\/redextremaduraverde.org\/web\/?p=1025"},"modified":"2019-02-25T12:05:26","modified_gmt":"2019-02-25T12:05:26","slug":"alimentos-naturales-y-funcionales","status":"publish","type":"post","link":"https:\/\/www.redextremaduraverde.org\/web\/alimentos-naturales-y-funcionales\/","title":{"rendered":"ALIMENTOS NATURALES Y  FUNCIONALES EN OLIVENZA"},"content":{"rendered":"<p>Entidad: UNIVERSIDAD POPULAR DE OLIVENZA<br \/>\nDirecci\u00f3n postal de la entidad: Calle Hern\u00e1n Cort\u00e9s, s\/n<br \/>\nCorreo electr\u00f3nico de contacto: upolivenza@hotmail.com<br \/>\nTel\u00e9fono de contacto: 697165181<\/p>\n<h4>Descripci\u00f3n de la actividad<\/h4>\n<p>Nombre de la experiencia: ALIMENTOS NATURALES Y FUNCIONALES<br \/>\nLugar de realizaci\u00f3n: UNIVERSIDAD POPULAR<br \/>\nFecha de realizaci\u00f3n: DICIEMBRE 2018<\/p>\n<h4>Justificaci\u00f3n<\/h4>\n<p>ACTIVIDAD REALIZADA EN EL MARCO DE CASAS DE CULTURA VERDE, RED DE MUNICIPIOS VERDES<\/p>\n<h4>Objetivos:<\/h4>\n<p>CONCIENCIAR DE LA IMPORTANCIA DE LA ALIMENTACI\u00d3N CON ALIMENTOS NATURALES Y ECOL\u00d3GICOS.<\/p>\n<h4>Destinatarios \/ participantes:<\/h4>\n<p>POBLACI\u00d3N ADULTA<\/p>\n<h4>N\u00famero total de participantes:<\/h4>\n<p>15<\/p>\n<h4>Descripci\u00f3n de la actividad:<\/h4>\n<p>REALIZACI\u00d3N DE UN TALLER DE ALIMENTOS FUNCIONALES, SALUDABLES Y ECOL\u00d3GICOS QUE TENEMOS EN NUESTRAS TIERRAS.<\/p>\n<h4>Evaluaci\u00f3n de la actividad:<\/h4>\n<p>MUY SATISFACTORIA<\/p>\n","protected":false},"excerpt":{"rendered":"<p>Entidad: UNIVERSIDAD POPULAR DE OLIVENZA Direcci\u00f3n postal de la entidad: Calle Hern\u00e1n Cort\u00e9s, s\/n Correo electr\u00f3nico de contacto: upolivenza@hotmail.com Tel\u00e9fono de contacto: 697165181 Descripci\u00f3n de la actividad Nombre de la experiencia: ALIMENTOS NATURALES Y FUNCIONALES Lugar de realizaci\u00f3n: UNIVERSIDAD POPULAR Fecha de realizaci\u00f3n: DICIEMBRE 2018 Justificaci\u00f3n ACTIVIDAD REALIZADA EN EL MARCO DE CASAS DE CULTURA VERDE, RED DE MUNICIPIOS VERDES Objetivos: CONCIENCIAR DE LA IMPORTANCIA DE LA ALIMENTACI\u00d3N CON ALIMENTOS NATURALES Y ECOL\u00d3GICOS. Destinatarios \/ participantes: POBLACI\u00d3N ADULTA N\u00famero total&hellip;<\/p>\n","protected":false},"author":2,"featured_media":0,"comment_status":"closed","ping_status":"closed","sticky":false,"template":"","format":"standard","meta":{"jetpack_post_was_ever_published":false,"_jetpack_newsletter_access":"","_jetpack_dont_email_post_to_subs":false,"_jetpack_newsletter_tier_id":0,"_jetpack_memberships_contains_paywalled_content":false,"_jetpack_memberships_contains_paid_content":false,"footnotes":""},"categories":[5],"tags":[12],"class_list":["post-1025","post","type-post","status-publish","format-standard","hentry","category-iniciativas-verdes","tag-olivenza"],"jetpack_featured_media_url":"","jetpack_sharing_enabled":true,"jetpack_shortlink":"https:\/\/wp.me\/p9MpCs-gx","_links":{"self":[{"href":"https:\/\/www.redextremaduraverde.org\/web\/wp-json\/wp\/v2\/posts\/1025","targetHints":{"allow":["GET"]}}],"collection":[{"href":"https:\/\/www.redextremaduraverde.org\/web\/wp-json\/wp\/v2\/posts"}],"about":[{"href":"https:\/\/www.redextremaduraverde.org\/web\/wp-json\/wp\/v2\/types\/post"}],"author":[{"embeddable":true,"href":"https:\/\/www.redextremaduraverde.org\/web\/wp-json\/wp\/v2\/users\/2"}],"replies":[{"embeddable":true,"href":"https:\/\/www.redextremaduraverde.org\/web\/wp-json\/wp\/v2\/comments?post=1025"}],"version-history":[{"count":2,"href":"https:\/\/www.redextremaduraverde.org\/web\/wp-json\/wp\/v2\/posts\/1025\/revisions"}],"predecessor-version":[{"id":1051,"href":"https:\/\/www.redextremaduraverde.org\/web\/wp-json\/wp\/v2\/posts\/1025\/revisions\/1051"}],"wp:attachment":[{"href":"https:\/\/www.redextremaduraverde.org\/web\/wp-json\/wp\/v2\/media?parent=1025"}],"wp:term":[{"taxonomy":"category","embeddable":true,"href":"https:\/\/www.redextremaduraverde.org\/web\/wp-json\/wp\/v2\/categories?post=1025"},{"taxonomy":"post_tag","embeddable":true,"href":"https:\/\/www.redextremaduraverde.org\/web\/wp-json\/wp\/v2\/tags?post=1025"}],"curies":[{"name":"wp","href":"https:\/\/api.w.org\/{rel}","templated":true}]}}