{"id":1020,"date":"2019-02-06T12:24:33","date_gmt":"2019-02-06T12:24:33","guid":{"rendered":"http:\/\/redextremaduraverde.org\/web\/?p=1020"},"modified":"2019-02-06T12:30:50","modified_gmt":"2019-02-06T12:30:50","slug":"1020","status":"publish","type":"post","link":"https:\/\/www.redextremaduraverde.org\/web\/1020\/","title":{"rendered":"PATRULLA DE LIMPIEZA, RUTA GUIADA PARA OBSERVACI\u00d3N DE FLORA Y FAUNA"},"content":{"rendered":"<p>Entidad: UNIVERSIDAD POPULAR DE VILLAR DEL REY<br \/>\nDirecci\u00f3n postal de la entidad: C\/ Emilio Rivero, 62<br \/>\nCorreo electr\u00f3nico de contacto: universidadpopular@villardelrey.es<br \/>\nTel\u00e9fono de contacto: 637896655<\/p>\n<h2>Descripci\u00f3n de la actividad<\/h2>\n<p>Nombre de la experiencia: PATRULLA DE LIMPIEZA, RUTA GUIADA PARA OBSERVACI\u00d3N DE FLORA Y FAUNA<br \/>\nLugar de realizaci\u00f3n: ENTORNO NATURAL DE VILLAR DEL REY<br \/>\nFecha de realizaci\u00f3n: DICIEMBRE 2018<\/p>\n<h4>Justificaci\u00f3n<\/h4>\n<p>ACTIVIDAD DESARROLLADA EN LA MARCO DE CASAS DE CULTURA VERDE, RED DE MUNICIPIOS VERDES.<\/p>\n<h4>Objetivos:<\/h4>\n<p>Concienciar y sensibilizar del cuidado de nuestro entorno as\u00ed como el uso tradicional de las plantas del entorno natural de Villar del Rey y la observaci\u00f3n de la fauna que nos rodea.<\/p>\n<h4>Destinatarios \/ participantes:<\/h4>\n<p>POBLACI\u00d3N EN GENERAL<\/p>\n<h4>N\u00famero total de participantes:<\/h4>\n<p>30<\/p>\n<h4>Descripci\u00f3n de la actividad:<\/h4>\n<p>Ruta medioambiental en el entorno natural de Villar del Rey con recogida de elementos desechados en la naturaleza, explicaci\u00f3n de la flora y fauna que se encuentra en el entorno y dar a conocer las caracter\u00edsticas de las especies avistadas y sus h\u00e1bitat, as\u00ed como explicaci\u00f3n de usos medicinales o gastron\u00f3micos de las plantas y frutos que encontramos durante nuestra ruta.<\/p>\n<h4>Evaluaci\u00f3n de la actividad:<\/h4>\n<p>Muy satisfactoria.<\/p>\n","protected":false},"excerpt":{"rendered":"<p>Entidad: UNIVERSIDAD POPULAR DE VILLAR DEL REY Direcci\u00f3n postal de la entidad: C\/ Emilio Rivero, 62 Correo electr\u00f3nico de contacto: universidadpopular@villardelrey.es Tel\u00e9fono de contacto: 637896655 Descripci\u00f3n de la actividad Nombre de la experiencia: PATRULLA DE LIMPIEZA, RUTA GUIADA PARA OBSERVACI\u00d3N DE FLORA Y FAUNA Lugar de realizaci\u00f3n: ENTORNO NATURAL DE VILLAR DEL REY Fecha de realizaci\u00f3n: DICIEMBRE 2018 Justificaci\u00f3n ACTIVIDAD DESARROLLADA EN LA MARCO DE CASAS DE CULTURA VERDE, RED DE MUNICIPIOS VERDES. Objetivos: Concienciar y sensibilizar del cuidado de&hellip;<\/p>\n","protected":false},"author":2,"featured_media":0,"comment_status":"closed","ping_status":"closed","sticky":false,"template":"","format":"standard","meta":{"jetpack_post_was_ever_published":false,"_jetpack_newsletter_access":"","_jetpack_dont_email_post_to_subs":false,"_jetpack_newsletter_tier_id":0,"_jetpack_memberships_contains_paywalled_content":false,"_jetpack_memberships_contains_paid_content":false,"footnotes":""},"categories":[5],"tags":[29],"class_list":["post-1020","post","type-post","status-publish","format-standard","hentry","category-iniciativas-verdes","tag-villar-del-rey"],"jetpack_featured_media_url":"","jetpack_sharing_enabled":true,"jetpack_shortlink":"https:\/\/wp.me\/s9MpCs-1020","_links":{"self":[{"href":"https:\/\/www.redextremaduraverde.org\/web\/wp-json\/wp\/v2\/posts\/1020","targetHints":{"allow":["GET"]}}],"collection":[{"href":"https:\/\/www.redextremaduraverde.org\/web\/wp-json\/wp\/v2\/posts"}],"about":[{"href":"https:\/\/www.redextremaduraverde.org\/web\/wp-json\/wp\/v2\/types\/post"}],"author":[{"embeddable":true,"href":"https:\/\/www.redextremaduraverde.org\/web\/wp-json\/wp\/v2\/users\/2"}],"replies":[{"embeddable":true,"href":"https:\/\/www.redextremaduraverde.org\/web\/wp-json\/wp\/v2\/comments?post=1020"}],"version-history":[{"count":4,"href":"https:\/\/www.redextremaduraverde.org\/web\/wp-json\/wp\/v2\/posts\/1020\/revisions"}],"predecessor-version":[{"id":1024,"href":"https:\/\/www.redextremaduraverde.org\/web\/wp-json\/wp\/v2\/posts\/1020\/revisions\/1024"}],"wp:attachment":[{"href":"https:\/\/www.redextremaduraverde.org\/web\/wp-json\/wp\/v2\/media?parent=1020"}],"wp:term":[{"taxonomy":"category","embeddable":true,"href":"https:\/\/www.redextremaduraverde.org\/web\/wp-json\/wp\/v2\/categories?post=1020"},{"taxonomy":"post_tag","embeddable":true,"href":"https:\/\/www.redextremaduraverde.org\/web\/wp-json\/wp\/v2\/tags?post=1020"}],"curies":[{"name":"wp","href":"https:\/\/api.w.org\/{rel}","templated":true}]}}