{"id":962,"date":"2018-01-15T16:39:20","date_gmt":"2018-01-15T16:39:20","guid":{"rendered":"http:\/\/redextremaduraverde.org\/oficina\/?p=962"},"modified":"2018-01-15T16:41:03","modified_gmt":"2018-01-15T16:41:03","slug":"emprendiciencia","status":"publish","type":"post","link":"https:\/\/www.redextremaduraverde.org\/oficina\/2018\/01\/15\/emprendiciencia\/","title":{"rendered":"Emprend!ciencia"},"content":{"rendered":"<h4 style=\"text-align: center;\">&#8211; Innovaci\u00f3n social-<\/h4>\n<p><strong>SU HISTORIA<\/strong><\/p>\n<p>Sergio, T\u00e9cnico Superior en Administraci\u00f3n de Sistemas Inform\u00e1ticos ha creado Emprendiciencia. Un ecosistema de innovaci\u00f3n social, que pretende ayudar a empresas, entidades p\u00fablicas y organizaciones del Tercer Sector, prestando su creatividad, imaginaci\u00f3n y talento para desarrollar proyectos cuyo foco sea lo prosocial o como les gusta decir, que tengan como centro a las personas y que les aporten productos o servicios innovadores que solucionen retos desde el punto de vista GLOCAL.<\/p>\n<p>Sus m\u00e1ximas: debemos ser el cambio que deseamos ver en el mundo. Les gustan los retos complicados porque en lo f\u00e1cil siempre hay cola. Si queremos ver cambios, debemos actuar de forma diferente.<\/p>\n<p>&nbsp;<\/p>\n<p style=\"text-align: right;\"><a href=\"http:\/\/emprendiciencia.com\/\">www.emprendiciencia.com<\/a><\/p>\n","protected":false},"excerpt":{"rendered":"<p>&#8211; Innovaci\u00f3n social- SU HISTORIA Sergio, T\u00e9cnico Superior en Administraci\u00f3n de Sistemas Inform\u00e1ticos ha creado Emprendiciencia. Un ecosistema de innovaci\u00f3n social, que pretende ayudar a empresas, entidades p\u00fablicas y organizaciones del Tercer Sector, prestando su creatividad, imaginaci\u00f3n y talento para desarrollar proyectos cuyo foco sea lo prosocial o como les gusta decir, que tengan como&#8230; <\/p>\n<div class=\"link-more\"><a href=\"https:\/\/www.redextremaduraverde.org\/oficina\/2018\/01\/15\/emprendiciencia\/\">Lea m\u00e1s<\/a><\/div>\n","protected":false},"author":3,"featured_media":963,"comment_status":"open","ping_status":"closed","sticky":false,"template":"","format":"standard","meta":{"jetpack_post_was_ever_published":false,"_jetpack_newsletter_access":"","_jetpack_dont_email_post_to_subs":false,"_jetpack_newsletter_tier_id":0,"_jetpack_memberships_contains_paywalled_content":false,"_jetpack_memberships_contains_paid_content":false,"footnotes":""},"categories":[1],"tags":[],"class_list":["post-962","post","type-post","status-publish","format-standard","has-post-thumbnail","hentry","category-experiencias"],"jetpack_featured_media_url":"https:\/\/www.redextremaduraverde.org\/oficina\/wp-content\/uploads\/2018\/01\/emprendiciencia2.png","jetpack_sharing_enabled":true,"jetpack_shortlink":"https:\/\/wp.me\/p8OUEd-fw","_links":{"self":[{"href":"https:\/\/www.redextremaduraverde.org\/oficina\/wp-json\/wp\/v2\/posts\/962","targetHints":{"allow":["GET"]}}],"collection":[{"href":"https:\/\/www.redextremaduraverde.org\/oficina\/wp-json\/wp\/v2\/posts"}],"about":[{"href":"https:\/\/www.redextremaduraverde.org\/oficina\/wp-json\/wp\/v2\/types\/post"}],"author":[{"embeddable":true,"href":"https:\/\/www.redextremaduraverde.org\/oficina\/wp-json\/wp\/v2\/users\/3"}],"replies":[{"embeddable":true,"href":"https:\/\/www.redextremaduraverde.org\/oficina\/wp-json\/wp\/v2\/comments?post=962"}],"version-history":[{"count":2,"href":"https:\/\/www.redextremaduraverde.org\/oficina\/wp-json\/wp\/v2\/posts\/962\/revisions"}],"predecessor-version":[{"id":965,"href":"https:\/\/www.redextremaduraverde.org\/oficina\/wp-json\/wp\/v2\/posts\/962\/revisions\/965"}],"wp:featuredmedia":[{"embeddable":true,"href":"https:\/\/www.redextremaduraverde.org\/oficina\/wp-json\/wp\/v2\/media\/963"}],"wp:attachment":[{"href":"https:\/\/www.redextremaduraverde.org\/oficina\/wp-json\/wp\/v2\/media?parent=962"}],"wp:term":[{"taxonomy":"category","embeddable":true,"href":"https:\/\/www.redextremaduraverde.org\/oficina\/wp-json\/wp\/v2\/categories?post=962"},{"taxonomy":"post_tag","embeddable":true,"href":"https:\/\/www.redextremaduraverde.org\/oficina\/wp-json\/wp\/v2\/tags?post=962"}],"curies":[{"name":"wp","href":"https:\/\/api.w.org\/{rel}","templated":true}]}}