{"id":260,"date":"2017-06-28T08:08:51","date_gmt":"2017-06-28T08:08:51","guid":{"rendered":"http:\/\/redextremaduraverde.org\/oficina\/?p=260"},"modified":"2017-06-28T08:10:55","modified_gmt":"2017-06-28T08:10:55","slug":"la-mangurria","status":"publish","type":"post","link":"https:\/\/www.redextremaduraverde.org\/oficina\/2017\/06\/28\/la-mangurria\/","title":{"rendered":"La Mangurria"},"content":{"rendered":"<h4 style=\"text-align: center;\">&#8211; Producci\u00f3n y consumo responsable &#8211;<\/h4>\n<h6>Su historia<\/h6>\n<p>Marian y Chemo son vecinos de la ciudad de C\u00e1ceres y, pese a ser titulados en Educaci\u00f3n Infantil y Antropolog\u00eda, y Sociolog\u00eda, respectivamente, decidieron afincarse en la localidad de Arroyo de la Luz e iniciar su actividad profesional basada en la agroecolog\u00eda y formaci\u00f3n en cosm\u00e9tica natural, horticultura ecol\u00f3gica y desarrollo rural sostenible, convirti\u00e9ndola en su medio de vida.<\/p>\n<p>Hoy d\u00eda cultivan sus productos en una de las riveras moriscas mejor conservada de Extremadura y gracias a la venta de verduras de temporada en el entorno de C\u00e1ceres, han conseguido crear su propio empleo, establecerse en una zona rural rompiendo todas las tendencias y convertirse en un claro ejemplo de empleo sostenible en la regi\u00f3n.<\/p>\n<p style=\"text-align: right;\"><a href=\"http:\/\/www.ecosdelatierra.es\" target=\"_blank\" rel=\"noopener\">www.ecosdelatierra.es<\/a><\/p>\n","protected":false},"excerpt":{"rendered":"<p>&#8211; Producci\u00f3n y consumo responsable &#8211; Su historia Marian y Chemo son vecinos de la ciudad de C\u00e1ceres y, pese a ser titulados en Educaci\u00f3n Infantil y Antropolog\u00eda, y Sociolog\u00eda, respectivamente, decidieron afincarse en la localidad de Arroyo de la Luz e iniciar su actividad profesional basada en la agroecolog\u00eda y formaci\u00f3n en cosm\u00e9tica natural,&#8230; <\/p>\n<div class=\"link-more\"><a href=\"https:\/\/www.redextremaduraverde.org\/oficina\/2017\/06\/28\/la-mangurria\/\">Lea m\u00e1s<\/a><\/div>\n","protected":false},"author":3,"featured_media":261,"comment_status":"open","ping_status":"closed","sticky":false,"template":"","format":"standard","meta":{"jetpack_post_was_ever_published":false,"_jetpack_newsletter_access":"","_jetpack_dont_email_post_to_subs":false,"_jetpack_newsletter_tier_id":0,"_jetpack_memberships_contains_paywalled_content":false,"_jetpack_memberships_contains_paid_content":false,"footnotes":""},"categories":[1],"tags":[],"class_list":["post-260","post","type-post","status-publish","format-standard","has-post-thumbnail","hentry","category-experiencias"],"jetpack_featured_media_url":"https:\/\/www.redextremaduraverde.org\/oficina\/wp-content\/uploads\/2017\/06\/lamangurria2.png","jetpack_sharing_enabled":true,"jetpack_shortlink":"https:\/\/wp.me\/p8OUEd-4c","_links":{"self":[{"href":"https:\/\/www.redextremaduraverde.org\/oficina\/wp-json\/wp\/v2\/posts\/260","targetHints":{"allow":["GET"]}}],"collection":[{"href":"https:\/\/www.redextremaduraverde.org\/oficina\/wp-json\/wp\/v2\/posts"}],"about":[{"href":"https:\/\/www.redextremaduraverde.org\/oficina\/wp-json\/wp\/v2\/types\/post"}],"author":[{"embeddable":true,"href":"https:\/\/www.redextremaduraverde.org\/oficina\/wp-json\/wp\/v2\/users\/3"}],"replies":[{"embeddable":true,"href":"https:\/\/www.redextremaduraverde.org\/oficina\/wp-json\/wp\/v2\/comments?post=260"}],"version-history":[{"count":2,"href":"https:\/\/www.redextremaduraverde.org\/oficina\/wp-json\/wp\/v2\/posts\/260\/revisions"}],"predecessor-version":[{"id":263,"href":"https:\/\/www.redextremaduraverde.org\/oficina\/wp-json\/wp\/v2\/posts\/260\/revisions\/263"}],"wp:featuredmedia":[{"embeddable":true,"href":"https:\/\/www.redextremaduraverde.org\/oficina\/wp-json\/wp\/v2\/media\/261"}],"wp:attachment":[{"href":"https:\/\/www.redextremaduraverde.org\/oficina\/wp-json\/wp\/v2\/media?parent=260"}],"wp:term":[{"taxonomy":"category","embeddable":true,"href":"https:\/\/www.redextremaduraverde.org\/oficina\/wp-json\/wp\/v2\/categories?post=260"},{"taxonomy":"post_tag","embeddable":true,"href":"https:\/\/www.redextremaduraverde.org\/oficina\/wp-json\/wp\/v2\/tags?post=260"}],"curies":[{"name":"wp","href":"https:\/\/api.w.org\/{rel}","templated":true}]}}