{"id":257,"date":"2017-06-28T07:56:59","date_gmt":"2017-06-28T07:56:59","guid":{"rendered":"http:\/\/redextremaduraverde.org\/oficina\/?p=257"},"modified":"2017-06-28T08:11:34","modified_gmt":"2017-06-28T08:11:34","slug":"mundos-nuevos","status":"publish","type":"post","link":"https:\/\/www.redextremaduraverde.org\/oficina\/2017\/06\/28\/mundos-nuevos\/","title":{"rendered":"Mundos Nuevos"},"content":{"rendered":"<h4 style=\"text-align: center;\">&#8211; Producci\u00f3n y consumo responsable &#8211;<\/h4>\n<h6>Su historia<\/h6>\n<p>Pedro y Juan Luis son dos hermanos que tienen su explotaci\u00f3n agroganadera en Retamal de Llerena, donde pastan sus corderos y cerdos ib\u00e9ricos de bellota.<\/p>\n<p>En 2012 se dieron cuenta de que el suelo se hab\u00eda empobrecido enormemente como consecuencia del manejo agroqu\u00edmico que utilizaban, raz\u00f3n que les llev\u00f3 a indagar sobre la agricultura regenerativa.<\/p>\n<p>Desde entonces no han dejado de formarse y poner en pr\u00e1ctica m\u00e9todos como el manejo hol\u00edstico, el dise\u00f1o hidrol\u00f3gico en l\u00ednea clave y el uso de biofertilizantes.<\/p>\n<p>Unos a\u00f1os despu\u00e9s ya han comenzado a apreciarse los resultados en sus suelos y est\u00e1n muy contentos con la nueva direcci\u00f3n que han tomado, favoreciendo los ciclos naturales y la vida y abandonando los insumos qu\u00edmicos e industriales.<\/p>\n<p>Son un claro ejemplo de c\u00f3mo llevar a cabo en nuestra regi\u00f3n una actividad agr\u00edcola y ganadera que \u201cconstruye\u201d suelos y mejora el medio ambiente, en lugar de alterarlo y empobrecerlo, siendo este cada vez m\u00e1s rico y biodiverso.<\/p>\n<p style=\"text-align: right;\"><a href=\"http:\/\/www.mundosnuevos.es\/\" target=\"_blank\" rel=\"noopener\">www.mundosnuevos.es<\/a><\/p>\n","protected":false},"excerpt":{"rendered":"<p>&#8211; Producci\u00f3n y consumo responsable &#8211; Su historia Pedro y Juan Luis son dos hermanos que tienen su explotaci\u00f3n agroganadera en Retamal de Llerena, donde pastan sus corderos y cerdos ib\u00e9ricos de bellota. En 2012 se dieron cuenta de que el suelo se hab\u00eda empobrecido enormemente como consecuencia del manejo agroqu\u00edmico que utilizaban, raz\u00f3n que&#8230; <\/p>\n<div class=\"link-more\"><a href=\"https:\/\/www.redextremaduraverde.org\/oficina\/2017\/06\/28\/mundos-nuevos\/\">Lea m\u00e1s<\/a><\/div>\n","protected":false},"author":3,"featured_media":258,"comment_status":"open","ping_status":"closed","sticky":false,"template":"","format":"standard","meta":{"jetpack_post_was_ever_published":false,"_jetpack_newsletter_access":"","_jetpack_dont_email_post_to_subs":false,"_jetpack_newsletter_tier_id":0,"_jetpack_memberships_contains_paywalled_content":false,"_jetpack_memberships_contains_paid_content":false,"footnotes":""},"categories":[1],"tags":[],"class_list":["post-257","post","type-post","status-publish","format-standard","has-post-thumbnail","hentry","category-experiencias"],"jetpack_featured_media_url":"https:\/\/www.redextremaduraverde.org\/oficina\/wp-content\/uploads\/2017\/06\/mundos-nuevos2.png","jetpack_sharing_enabled":true,"jetpack_shortlink":"https:\/\/wp.me\/p8OUEd-49","_links":{"self":[{"href":"https:\/\/www.redextremaduraverde.org\/oficina\/wp-json\/wp\/v2\/posts\/257","targetHints":{"allow":["GET"]}}],"collection":[{"href":"https:\/\/www.redextremaduraverde.org\/oficina\/wp-json\/wp\/v2\/posts"}],"about":[{"href":"https:\/\/www.redextremaduraverde.org\/oficina\/wp-json\/wp\/v2\/types\/post"}],"author":[{"embeddable":true,"href":"https:\/\/www.redextremaduraverde.org\/oficina\/wp-json\/wp\/v2\/users\/3"}],"replies":[{"embeddable":true,"href":"https:\/\/www.redextremaduraverde.org\/oficina\/wp-json\/wp\/v2\/comments?post=257"}],"version-history":[{"count":2,"href":"https:\/\/www.redextremaduraverde.org\/oficina\/wp-json\/wp\/v2\/posts\/257\/revisions"}],"predecessor-version":[{"id":264,"href":"https:\/\/www.redextremaduraverde.org\/oficina\/wp-json\/wp\/v2\/posts\/257\/revisions\/264"}],"wp:featuredmedia":[{"embeddable":true,"href":"https:\/\/www.redextremaduraverde.org\/oficina\/wp-json\/wp\/v2\/media\/258"}],"wp:attachment":[{"href":"https:\/\/www.redextremaduraverde.org\/oficina\/wp-json\/wp\/v2\/media?parent=257"}],"wp:term":[{"taxonomy":"category","embeddable":true,"href":"https:\/\/www.redextremaduraverde.org\/oficina\/wp-json\/wp\/v2\/categories?post=257"},{"taxonomy":"post_tag","embeddable":true,"href":"https:\/\/www.redextremaduraverde.org\/oficina\/wp-json\/wp\/v2\/tags?post=257"}],"curies":[{"name":"wp","href":"https:\/\/api.w.org\/{rel}","templated":true}]}}