{"id":246,"date":"2017-06-28T07:45:01","date_gmt":"2017-06-28T07:45:01","guid":{"rendered":"http:\/\/redextremaduraverde.org\/oficina\/?p=246"},"modified":"2017-08-04T11:12:59","modified_gmt":"2017-08-04T11:12:59","slug":"bichina-natrural","status":"publish","type":"post","link":"https:\/\/www.redextremaduraverde.org\/oficina\/2017\/06\/28\/bichina-natrural\/","title":{"rendered":"Bichina Natural"},"content":{"rendered":"<h4 style=\"text-align: center;\">&#8211; Transformaci\u00f3n, cosm\u00e9tica natural &#8211;<\/h4>\n<h6>Su historia<\/h6>\n<p>Isabel Falc\u00f3n siempre mantuvo una apuesta personal por el medio ambiente. Tras dos a\u00f1os y medio de trabajo y despu\u00e9s de estudiar en distintos centros tecnol\u00f3gicos y laboratorios el comportamiento de la bellota y sus propiedades, en 2016 comenz\u00f3 a trabajar en el desarrollo de la marca de productos de alta cosm\u00e9tica.<\/p>\n<p>Los productos de Bichina Natural son exclusivos y de origen natural, elaborados con ingredientes certificados nacidos en el coraz\u00f3n de la Dehesa Extreme\u00f1a.<\/p>\n<p>\u201cLa Bichina\u201d ha recibido durante el presente a\u00f1o 2017 el Emblema \u201cTierra de Extremadura\u201d por la implantaci\u00f3n de una empresa con arraigo y enraizamiento regional como ejemplo del aprovechamiento de los recursos end\u00f3genos de Extremadura. Este galard\u00f3n la premia como emprendedora extreme\u00f1a comprometida con la utilizaci\u00f3n de recursos naturales de Extremadura como fuente de oportunidad, con un modelo empresarial basado en la explotaci\u00f3n sostenible de dichos recursos. Este reconocimiento va en l\u00ednea con el tambi\u00e9n recibido por la Comunidad Aut\u00f3noma extreme\u00f1a como \u201cRegi\u00f3n Emprendedora Europea 2017\u201d.<\/p>\n<p style=\"text-align: right;\"><a href=\"http:\/\/www.bichinanatural.es\" target=\"_blank\" rel=\"noopener\">www.bichinanatural.es<\/a><\/p>\n","protected":false},"excerpt":{"rendered":"<p>&#8211; Transformaci\u00f3n, cosm\u00e9tica natural &#8211; Su historia Isabel Falc\u00f3n siempre mantuvo una apuesta personal por el medio ambiente. Tras dos a\u00f1os y medio de trabajo y despu\u00e9s de estudiar en distintos centros tecnol\u00f3gicos y laboratorios el comportamiento de la bellota y sus propiedades, en 2016 comenz\u00f3 a trabajar en el desarrollo de la marca de&#8230; <\/p>\n<div class=\"link-more\"><a href=\"https:\/\/www.redextremaduraverde.org\/oficina\/2017\/06\/28\/bichina-natrural\/\">Lea m\u00e1s<\/a><\/div>\n","protected":false},"author":3,"featured_media":247,"comment_status":"open","ping_status":"closed","sticky":false,"template":"","format":"standard","meta":{"jetpack_post_was_ever_published":false,"_jetpack_newsletter_access":"","_jetpack_dont_email_post_to_subs":false,"_jetpack_newsletter_tier_id":0,"_jetpack_memberships_contains_paywalled_content":false,"_jetpack_memberships_contains_paid_content":false,"footnotes":""},"categories":[1],"tags":[],"class_list":["post-246","post","type-post","status-publish","format-standard","has-post-thumbnail","hentry","category-experiencias"],"jetpack_featured_media_url":"https:\/\/www.redextremaduraverde.org\/oficina\/wp-content\/uploads\/2017\/06\/bichina2.png","jetpack_sharing_enabled":true,"jetpack_shortlink":"https:\/\/wp.me\/p8OUEd-3Y","_links":{"self":[{"href":"https:\/\/www.redextremaduraverde.org\/oficina\/wp-json\/wp\/v2\/posts\/246","targetHints":{"allow":["GET"]}}],"collection":[{"href":"https:\/\/www.redextremaduraverde.org\/oficina\/wp-json\/wp\/v2\/posts"}],"about":[{"href":"https:\/\/www.redextremaduraverde.org\/oficina\/wp-json\/wp\/v2\/types\/post"}],"author":[{"embeddable":true,"href":"https:\/\/www.redextremaduraverde.org\/oficina\/wp-json\/wp\/v2\/users\/3"}],"replies":[{"embeddable":true,"href":"https:\/\/www.redextremaduraverde.org\/oficina\/wp-json\/wp\/v2\/comments?post=246"}],"version-history":[{"count":4,"href":"https:\/\/www.redextremaduraverde.org\/oficina\/wp-json\/wp\/v2\/posts\/246\/revisions"}],"predecessor-version":[{"id":265,"href":"https:\/\/www.redextremaduraverde.org\/oficina\/wp-json\/wp\/v2\/posts\/246\/revisions\/265"}],"wp:featuredmedia":[{"embeddable":true,"href":"https:\/\/www.redextremaduraverde.org\/oficina\/wp-json\/wp\/v2\/media\/247"}],"wp:attachment":[{"href":"https:\/\/www.redextremaduraverde.org\/oficina\/wp-json\/wp\/v2\/media?parent=246"}],"wp:term":[{"taxonomy":"category","embeddable":true,"href":"https:\/\/www.redextremaduraverde.org\/oficina\/wp-json\/wp\/v2\/categories?post=246"},{"taxonomy":"post_tag","embeddable":true,"href":"https:\/\/www.redextremaduraverde.org\/oficina\/wp-json\/wp\/v2\/tags?post=246"}],"curies":[{"name":"wp","href":"https:\/\/api.w.org\/{rel}","templated":true}]}}