{"id":236,"date":"2017-06-27T16:01:50","date_gmt":"2017-06-27T16:01:50","guid":{"rendered":"http:\/\/redextremaduraverde.org\/oficina\/?p=236"},"modified":"2017-06-28T08:12:57","modified_gmt":"2017-06-28T08:12:57","slug":"dormir-en-los-arboles","status":"publish","type":"post","link":"https:\/\/www.redextremaduraverde.org\/oficina\/2017\/06\/27\/dormir-en-los-arboles\/","title":{"rendered":"Dormir en los \u00e1rboles"},"content":{"rendered":"<h4 style=\"text-align: center;\">&#8211; Turismo sostenible y recursos naturales &#8211;<\/h4>\n<h6>Su historia<\/h6>\n<p>Mar\u00eda y Luis son una pareja que decidieron crear unos alojamientos rurales muy singulares. Para ello instalaron en su finca de Villasbuenas de Gata, muy cerca del pueblo, confortables caba\u00f1as en los \u00e1rboles del predio, convirti\u00e9ndose as\u00ed en el primer alojamiento de este tipo en la regi\u00f3n.<\/p>\n<p>De momento cuentan con tres caba\u00f1as pero tienen la intenci\u00f3n de ampliar el n\u00famero en breve. Todo el suministro el\u00e9ctrico y agua caliente de la finca proviene de energ\u00edas renovables, la depuraci\u00f3n de las aguas residuales se realiza con m\u00e9todos biol\u00f3gicos y todos los textiles utilizados son de algod\u00f3n ecol\u00f3gico. Incluso cuentan con un sistema de aire acondicionado totalmente ecol\u00f3gico que aprovecha la temperatura de la tierra para caldear y refrigerar las caba\u00f1as.<\/p>\n<p>Pretenden integrar el turismo en el entorno sin modificar este y crear riqueza conservando los recursos naturales. La integraci\u00f3n de las caba\u00f1as en el paisaje es completa y en su construcci\u00f3n se esmeran con especial cuidado para no da\u00f1ar el arbolado.<\/p>\n<p>Dormir en los \u00e1rboles es un ejemplo de c\u00f3mo se puede poner en valor la naturaleza sin destruirla.<\/p>\n<p style=\"text-align: right;\"><a href=\"http:\/\/www.dormirenlosarboles.es\" target=\"_blank\" rel=\"noopener\">www.dormirenlosarboles.es<\/a><\/p>\n","protected":false},"excerpt":{"rendered":"<p>&#8211; Turismo sostenible y recursos naturales &#8211; Su historia Mar\u00eda y Luis son una pareja que decidieron crear unos alojamientos rurales muy singulares. Para ello instalaron en su finca de Villasbuenas de Gata, muy cerca del pueblo, confortables caba\u00f1as en los \u00e1rboles del predio, convirti\u00e9ndose as\u00ed en el primer alojamiento de este tipo en la&#8230; <\/p>\n<div class=\"link-more\"><a href=\"https:\/\/www.redextremaduraverde.org\/oficina\/2017\/06\/27\/dormir-en-los-arboles\/\">Lea m\u00e1s<\/a><\/div>\n","protected":false},"author":3,"featured_media":245,"comment_status":"open","ping_status":"closed","sticky":false,"template":"","format":"standard","meta":{"jetpack_post_was_ever_published":false,"_jetpack_newsletter_access":"","_jetpack_dont_email_post_to_subs":false,"_jetpack_newsletter_tier_id":0,"_jetpack_memberships_contains_paywalled_content":false,"_jetpack_memberships_contains_paid_content":false,"footnotes":""},"categories":[10,1],"tags":[],"class_list":["post-236","post","type-post","status-publish","format-standard","has-post-thumbnail","hentry","category-experiencias-verdes","category-experiencias"],"jetpack_featured_media_url":"https:\/\/www.redextremaduraverde.org\/oficina\/wp-content\/uploads\/2017\/06\/dormir2.png","jetpack_sharing_enabled":true,"jetpack_shortlink":"https:\/\/wp.me\/p8OUEd-3O","_links":{"self":[{"href":"https:\/\/www.redextremaduraverde.org\/oficina\/wp-json\/wp\/v2\/posts\/236","targetHints":{"allow":["GET"]}}],"collection":[{"href":"https:\/\/www.redextremaduraverde.org\/oficina\/wp-json\/wp\/v2\/posts"}],"about":[{"href":"https:\/\/www.redextremaduraverde.org\/oficina\/wp-json\/wp\/v2\/types\/post"}],"author":[{"embeddable":true,"href":"https:\/\/www.redextremaduraverde.org\/oficina\/wp-json\/wp\/v2\/users\/3"}],"replies":[{"embeddable":true,"href":"https:\/\/www.redextremaduraverde.org\/oficina\/wp-json\/wp\/v2\/comments?post=236"}],"version-history":[{"count":7,"href":"https:\/\/www.redextremaduraverde.org\/oficina\/wp-json\/wp\/v2\/posts\/236\/revisions"}],"predecessor-version":[{"id":266,"href":"https:\/\/www.redextremaduraverde.org\/oficina\/wp-json\/wp\/v2\/posts\/236\/revisions\/266"}],"wp:featuredmedia":[{"embeddable":true,"href":"https:\/\/www.redextremaduraverde.org\/oficina\/wp-json\/wp\/v2\/media\/245"}],"wp:attachment":[{"href":"https:\/\/www.redextremaduraverde.org\/oficina\/wp-json\/wp\/v2\/media?parent=236"}],"wp:term":[{"taxonomy":"category","embeddable":true,"href":"https:\/\/www.redextremaduraverde.org\/oficina\/wp-json\/wp\/v2\/categories?post=236"},{"taxonomy":"post_tag","embeddable":true,"href":"https:\/\/www.redextremaduraverde.org\/oficina\/wp-json\/wp\/v2\/tags?post=236"}],"curies":[{"name":"wp","href":"https:\/\/api.w.org\/{rel}","templated":true}]}}