{"id":230,"date":"2017-06-27T15:55:41","date_gmt":"2017-06-27T15:55:41","guid":{"rendered":"http:\/\/redextremaduraverde.org\/oficina\/?p=230"},"modified":"2017-06-28T08:13:38","modified_gmt":"2017-06-28T08:13:38","slug":"yerbal","status":"publish","type":"post","link":"https:\/\/www.redextremaduraverde.org\/oficina\/2017\/06\/27\/yerbal\/","title":{"rendered":"Yerbal"},"content":{"rendered":"<h4 style=\"text-align: center;\">&#8211; Producci\u00f3n y consumo responsable &#8211;<\/h4>\n<h6>Su historia<\/h6>\n<p>Yerbal nace con la idea de ofrecer productos de m\u00e1xima calidad, sanos y producidos seg\u00fan los principios de la agricultura ecol\u00f3gica, adem\u00e1s de ofrecer un paisaje singular y relajante a los clientes del Balneario El Raposo (Puebla de Sancho P\u00e9rez).<\/p>\n<p>Cultivan, seleccionan y comercializan plantas arom\u00e1ticas y medicinales, especias y condimentos y t\u00e9s e infusiones 100 % ecol\u00f3gicas. El nombre y calidad de la marca est\u00e1 asociada a nuestra comunidad aut\u00f3noma y siempre relacionan todos sus \u00e9xitos con sus or\u00edgenes extreme\u00f1os, hecho que procuran recordar a cada sitio que van.<\/p>\n<p>Yerbal no lleva ni un a\u00f1o como marca y ya se pueden encontrar puntos de venta que tienen su marca en toda Extremadura, Andaluc\u00eda, Madrid, Murcia, Cantabria y otros muchos lugares. Con Yerbal se ha demostrado que se pueden iniciar proyectos ambiciosos e innovadores.<\/p>\n<p style=\"text-align: right;\"><a href=\"http:\/\/www.yerbal.es\/\" target=\"_blank\" rel=\"noopener\">www.yerbal.es<\/a><\/p>\n","protected":false},"excerpt":{"rendered":"<p>&#8211; Producci\u00f3n y consumo responsable &#8211; Su historia Yerbal nace con la idea de ofrecer productos de m\u00e1xima calidad, sanos y producidos seg\u00fan los principios de la agricultura ecol\u00f3gica, adem\u00e1s de ofrecer un paisaje singular y relajante a los clientes del Balneario El Raposo (Puebla de Sancho P\u00e9rez). Cultivan, seleccionan y comercializan plantas arom\u00e1ticas y&#8230; <\/p>\n<div class=\"link-more\"><a href=\"https:\/\/www.redextremaduraverde.org\/oficina\/2017\/06\/27\/yerbal\/\">Lea m\u00e1s<\/a><\/div>\n","protected":false},"author":3,"featured_media":244,"comment_status":"open","ping_status":"closed","sticky":false,"template":"","format":"standard","meta":{"jetpack_post_was_ever_published":false,"_jetpack_newsletter_access":"","_jetpack_dont_email_post_to_subs":false,"_jetpack_newsletter_tier_id":0,"_jetpack_memberships_contains_paywalled_content":false,"_jetpack_memberships_contains_paid_content":false,"footnotes":""},"categories":[1],"tags":[],"class_list":["post-230","post","type-post","status-publish","format-standard","has-post-thumbnail","hentry","category-experiencias"],"jetpack_featured_media_url":"https:\/\/www.redextremaduraverde.org\/oficina\/wp-content\/uploads\/2017\/06\/yerbal2.png","jetpack_sharing_enabled":true,"jetpack_shortlink":"https:\/\/wp.me\/s8OUEd-yerbal","_links":{"self":[{"href":"https:\/\/www.redextremaduraverde.org\/oficina\/wp-json\/wp\/v2\/posts\/230","targetHints":{"allow":["GET"]}}],"collection":[{"href":"https:\/\/www.redextremaduraverde.org\/oficina\/wp-json\/wp\/v2\/posts"}],"about":[{"href":"https:\/\/www.redextremaduraverde.org\/oficina\/wp-json\/wp\/v2\/types\/post"}],"author":[{"embeddable":true,"href":"https:\/\/www.redextremaduraverde.org\/oficina\/wp-json\/wp\/v2\/users\/3"}],"replies":[{"embeddable":true,"href":"https:\/\/www.redextremaduraverde.org\/oficina\/wp-json\/wp\/v2\/comments?post=230"}],"version-history":[{"count":4,"href":"https:\/\/www.redextremaduraverde.org\/oficina\/wp-json\/wp\/v2\/posts\/230\/revisions"}],"predecessor-version":[{"id":267,"href":"https:\/\/www.redextremaduraverde.org\/oficina\/wp-json\/wp\/v2\/posts\/230\/revisions\/267"}],"wp:featuredmedia":[{"embeddable":true,"href":"https:\/\/www.redextremaduraverde.org\/oficina\/wp-json\/wp\/v2\/media\/244"}],"wp:attachment":[{"href":"https:\/\/www.redextremaduraverde.org\/oficina\/wp-json\/wp\/v2\/media?parent=230"}],"wp:term":[{"taxonomy":"category","embeddable":true,"href":"https:\/\/www.redextremaduraverde.org\/oficina\/wp-json\/wp\/v2\/categories?post=230"},{"taxonomy":"post_tag","embeddable":true,"href":"https:\/\/www.redextremaduraverde.org\/oficina\/wp-json\/wp\/v2\/tags?post=230"}],"curies":[{"name":"wp","href":"https:\/\/api.w.org\/{rel}","templated":true}]}}