{"id":222,"date":"2017-06-27T15:33:43","date_gmt":"2017-06-27T15:33:43","guid":{"rendered":"http:\/\/redextremaduraverde.org\/oficina\/?p=222"},"modified":"2017-06-28T08:15:53","modified_gmt":"2017-06-28T08:15:53","slug":"wagyu-iberico","status":"publish","type":"post","link":"https:\/\/www.redextremaduraverde.org\/oficina\/2017\/06\/27\/wagyu-iberico\/","title":{"rendered":"Wagyu Ib\u00e9rico"},"content":{"rendered":"<h4 style=\"text-align: center;\">&#8211; Producci\u00f3n y consumo responsable &#8211;<\/h4>\n<h6>Su historia<\/h6>\n<p>Wagyu es una empresa familiar de tradici\u00f3n ganadera dedicada a la producci\u00f3n de vacuno para carne. Est\u00e1 situada en el norte de C\u00e1ceres, a las faldas de Santib\u00e1\u00f1ez el Alto y a orillas del embalse del Borboll\u00f3n.<\/p>\n<p>Cr\u00edan y ceban a sus animales en la dehesa en las mejores condiciones posibles interfiriendo lo menos posible en su d\u00eda a d\u00eda. Siempre con el af\u00e1n de hacerlo lo mejor posible, han buscado la mejora en la calidad de sus animales de carne, embarc\u00e1ndose en distintos proyectos, todos ellos siempre con gran ilusi\u00f3n.<\/p>\n<p>En 2006 fue la primera ganader\u00eda de Espa\u00f1a de personas f\u00edsicas, en tener su propio pliego de etiquetado facultativo de carne de vacuno, y el \u00fanico que certificaba el 100% de los animales de la explotaci\u00f3n. En 2013 incorporaron la denominaci\u00f3n Wagyu Ib\u00e9rico, haciendo referencia a animales con gen\u00e9tica wagyu con un m\u00ednimo del 50%, el \u00fanico pliego en Espa\u00f1a y posiblemente en toda Europa que certifica que tiene gen\u00e9tica wagyu, y auditada. Les concedieron el t\u00edtulo Flashingfarm Europa de McDonald\u00b4s, la \u00fanica explotaci\u00f3n espa\u00f1ola con esta menci\u00f3n y una de las 5 existentes en toda Europa; donde se premia no solo la calidad de vida de los animales, sino la forma de trabajo y de integraci\u00f3n con la sociedad rural donde est\u00e1n implantados y su econom\u00eda, sus empleados y proveedores. En 2014 obtuvieron la certificaci\u00f3n Halal y en 2015 empezaron a elaborar embutidos y hamburguesas.<\/p>\n<p>Adem\u00e1s de wagyu tambi\u00e9n est\u00e1n criando varias razas, algunas en peligro de extinci\u00f3n, como las cachenas, limusinas, charolesas, casinas, berrenda en colorado, tudancas y tienen la intenci\u00f3n en 2017 de incorporar tambi\u00e9n la blanca cacere\u00f1a y la morucha en c\u00e1rdeno.<\/p>\n<p style=\"text-align: right;\"><a href=\"http:\/\/www.wagyuiberico.blogspot.com.es\" target=\"_blank\" rel=\"noopener\">www.wagyuiberico.blogspot.com.es<\/a><\/p>\n","protected":false},"excerpt":{"rendered":"<p>&#8211; Producci\u00f3n y consumo responsable &#8211; Su historia Wagyu es una empresa familiar de tradici\u00f3n ganadera dedicada a la producci\u00f3n de vacuno para carne. Est\u00e1 situada en el norte de C\u00e1ceres, a las faldas de Santib\u00e1\u00f1ez el Alto y a orillas del embalse del Borboll\u00f3n. Cr\u00edan y ceban a sus animales en la dehesa en&#8230; <\/p>\n<div class=\"link-more\"><a href=\"https:\/\/www.redextremaduraverde.org\/oficina\/2017\/06\/27\/wagyu-iberico\/\">Lea m\u00e1s<\/a><\/div>\n","protected":false},"author":3,"featured_media":243,"comment_status":"open","ping_status":"closed","sticky":false,"template":"","format":"standard","meta":{"jetpack_post_was_ever_published":false,"_jetpack_newsletter_access":"","_jetpack_dont_email_post_to_subs":false,"_jetpack_newsletter_tier_id":0,"_jetpack_memberships_contains_paywalled_content":false,"_jetpack_memberships_contains_paid_content":false,"footnotes":""},"categories":[1,10],"tags":[],"class_list":["post-222","post","type-post","status-publish","format-standard","has-post-thumbnail","hentry","category-experiencias","category-experiencias-verdes"],"jetpack_featured_media_url":"https:\/\/www.redextremaduraverde.org\/oficina\/wp-content\/uploads\/2017\/06\/wagyu2.png","jetpack_sharing_enabled":true,"jetpack_shortlink":"https:\/\/wp.me\/p8OUEd-3A","_links":{"self":[{"href":"https:\/\/www.redextremaduraverde.org\/oficina\/wp-json\/wp\/v2\/posts\/222","targetHints":{"allow":["GET"]}}],"collection":[{"href":"https:\/\/www.redextremaduraverde.org\/oficina\/wp-json\/wp\/v2\/posts"}],"about":[{"href":"https:\/\/www.redextremaduraverde.org\/oficina\/wp-json\/wp\/v2\/types\/post"}],"author":[{"embeddable":true,"href":"https:\/\/www.redextremaduraverde.org\/oficina\/wp-json\/wp\/v2\/users\/3"}],"replies":[{"embeddable":true,"href":"https:\/\/www.redextremaduraverde.org\/oficina\/wp-json\/wp\/v2\/comments?post=222"}],"version-history":[{"count":7,"href":"https:\/\/www.redextremaduraverde.org\/oficina\/wp-json\/wp\/v2\/posts\/222\/revisions"}],"predecessor-version":[{"id":268,"href":"https:\/\/www.redextremaduraverde.org\/oficina\/wp-json\/wp\/v2\/posts\/222\/revisions\/268"}],"wp:featuredmedia":[{"embeddable":true,"href":"https:\/\/www.redextremaduraverde.org\/oficina\/wp-json\/wp\/v2\/media\/243"}],"wp:attachment":[{"href":"https:\/\/www.redextremaduraverde.org\/oficina\/wp-json\/wp\/v2\/media?parent=222"}],"wp:term":[{"taxonomy":"category","embeddable":true,"href":"https:\/\/www.redextremaduraverde.org\/oficina\/wp-json\/wp\/v2\/categories?post=222"},{"taxonomy":"post_tag","embeddable":true,"href":"https:\/\/www.redextremaduraverde.org\/oficina\/wp-json\/wp\/v2\/tags?post=222"}],"curies":[{"name":"wp","href":"https:\/\/api.w.org\/{rel}","templated":true}]}}