{"id":168,"date":"2017-06-27T08:53:36","date_gmt":"2017-06-27T08:53:36","guid":{"rendered":"http:\/\/redextremaduraverde.org\/oficina\/?p=168"},"modified":"2017-10-10T15:11:16","modified_gmt":"2017-10-10T15:11:16","slug":"jose-maria-corrales","status":"publish","type":"post","link":"https:\/\/www.redextremaduraverde.org\/oficina\/2017\/06\/27\/jose-maria-corrales\/","title":{"rendered":"Jos\u00e9 Mar\u00eda Corrales"},"content":{"rendered":"<p><strong><span style=\"color: #993300;\">Director de la Oficina Universitaria de Medio Ambiente<\/span><\/strong><\/p>\n<p>Jos\u00e9 Mar\u00eda Corrales V\u00e1zquez, natural de Miajadas (C\u00e1ceres), es Profesor Titular de Universidad del \u00c1rea de Did\u00e1ctica de las Ciencias Experimentales del Departamento de las Ciencias Experimentales y las Matem\u00e1ticas de la Universidad de Extremadura<!--more Continuar leyendo &gt;&gt;&gt;-->. Licenciado en Ciencias Biol\u00f3gicas por la Universidad de Sevilla y doctor en Geograf\u00eda y Ordenaci\u00f3n del Territorio por la Universidad de Extremadura es en estos momentos Director de la Oficina Universitaria de Medio Ambiente de la Universidad de Extremadura (OUMA) y Responsable del Grupo de Investigaci\u00f3n EDUCIESO (Educaci\u00f3n Ciencia y Sociedad), investigador principal y colaborador en numerosos proyectos de investigaci\u00f3n. Ha sido Director de la Escuela Universitaria de Formaci\u00f3n del Profesorado y Decano de la Facultad de Formaci\u00f3n del Profesorado de la Universidad de Extremadura, Director General de Promoci\u00f3n Cultural de la Consejer\u00eda de Cultura de la Junta de Extremadura (2004-2007). Ha dirigido numerosos proyectos de investigaci\u00f3n, tesis doctorales y es autor de numerosas publicaciones cient\u00edficas, did\u00e1cticas y t\u00e9cnicas relacionadas con la educaci\u00f3n, el medio ambiente, la divulgaci\u00f3n cient\u00edfica y Extremadura. Dirigi\u00f3 el Comit\u00e9 Cient\u00edfico y Educativo que logr\u00f3 la declaraci\u00f3n de la comarca de Villuercas como primer Geoparque de Extremadura y presidi\u00f3 la Junta Rectora de la Reserva Natural de la Garganta de los Infiernos y de la Sierra de Hornachos, formado parte de la Junta Rectora del Parque Nacional de Monfrag\u00fce. Es actualmente Presidente de la Junta Rectora del Parque Natural del Rio Tajo Internacional, recientemente declarado Reserva de la Biosfera Internacional y es miembro del Comit\u00e9 Cient\u00edfico de Parques Nacionales y Reservas de la Biosfera de Espa\u00f1a.<\/p>\n<p><img loading=\"lazy\" decoding=\"async\" class=\"size-medium wp-image-172 aligncenter\" src=\"https:\/\/www.redextremaduraverde.org\/oficina\/wp-content\/uploads\/2017\/06\/separador1-300x85.jpg\" alt=\"\" width=\"300\" height=\"85\" srcset=\"https:\/\/www.redextremaduraverde.org\/oficina\/wp-content\/uploads\/2017\/06\/separador1-300x85.jpg 300w, https:\/\/www.redextremaduraverde.org\/oficina\/wp-content\/uploads\/2017\/06\/separador1-768x218.jpg 768w, https:\/\/www.redextremaduraverde.org\/oficina\/wp-content\/uploads\/2017\/06\/separador1-600x171.jpg 600w, https:\/\/www.redextremaduraverde.org\/oficina\/wp-content\/uploads\/2017\/06\/separador1.jpg 900w\" sizes=\"auto, (max-width: 300px) 100vw, 300px\" \/><\/p>\n<p><span style=\"color: #800000;\"><strong>Personal\u2026<\/strong><\/span><\/p>\n<p><span style=\"color: #993300;\"><strong>\u00bfPor qu\u00e9 se dedica al medio ambiente?<\/strong><\/span><\/p>\n<p>Creo que me dedico al medio ambiente como respuesta a un compromiso con la conservaci\u00f3n y la protecci\u00f3n de la naturaleza que arranca de una infancia muy cercana a la misma.<\/p>\n<p><span style=\"color: #993300;\"><strong>Tras su carrera profesional como profesor, \u00bfpodr\u00eda decir que hay m\u00e1s predisposici\u00f3n por parte de los j\u00f3venes para afrontar los problemas relacionados con el medio ambiente?, o por el contrario \u00bfno lo est\u00e1n?<\/strong><\/span><\/p>\n<p>Creo que el conocimiento es siempre clave a la hora de afrontar cualquier problema, y pienso que la formaci\u00f3n no solo de los alumnos, sino de cualquier ciudadano, les hace m\u00e1s cr\u00edticos, responsables y tambi\u00e9n m\u00e1s libres.<\/p>\n<p><span style=\"color: #993300;\"><strong>En el \u00e1mbito profesional, \u00bfcu\u00e1l ha sido el proyecto que m\u00e1s le ha ilusionado?<\/strong><\/span><\/p>\n<p>En el \u00e1mbito profesional, el proyecto que m\u00e1s me ilusiona, es siempre el \u00faltimo que tengo entre manos, en este momento tratar de contribuir a que la comarca de la Siberia, se convierta en la primera Reserva de la Biosfera de la provincia de Badajoz.<\/p>\n<p><span style=\"color: #993300;\"><strong>\u00bfQui\u00e9nes son sus grandes maestros?<\/strong><\/span><\/p>\n<p>En el \u00e1mbito familiar mis padres, en la escuela, los maestros que fomentaron mi curiosidad, y en la universidad los profesores que me ayudaron a buscar respuestas. Si he de citar a alguno de ellos, dir\u00e9 que fue una suerte conocer en la Universidad de Sevilla al profesor Gonz\u00e1lez Bern\u00e1ldez, y aprender tambi\u00e9n de la sabidur\u00eda de Ram\u00f3n Margalef.<\/p>\n<p><span style=\"color: #993300;\"><strong>Si tuviera una varita m\u00e1gica, \u00bfqu\u00e9 cambiar\u00eda?<\/strong><\/span><\/p>\n<p>La injusticia, la desigualdad, la pobreza, y todo aquello que nos hace cada vez m\u00e1s pobres y dependientes.<\/p>\n<p><img loading=\"lazy\" decoding=\"async\" class=\"alignnone size-medium wp-image-186 aligncenter\" src=\"https:\/\/www.redextremaduraverde.org\/oficina\/wp-content\/uploads\/2017\/06\/OPORTO-04-09-015-199x300.jpg\" alt=\"\" width=\"199\" height=\"300\" srcset=\"https:\/\/www.redextremaduraverde.org\/oficina\/wp-content\/uploads\/2017\/06\/OPORTO-04-09-015-199x300.jpg 199w, https:\/\/www.redextremaduraverde.org\/oficina\/wp-content\/uploads\/2017\/06\/OPORTO-04-09-015-768x1155.jpg 768w, https:\/\/www.redextremaduraverde.org\/oficina\/wp-content\/uploads\/2017\/06\/OPORTO-04-09-015-681x1024.jpg 681w, https:\/\/www.redextremaduraverde.org\/oficina\/wp-content\/uploads\/2017\/06\/OPORTO-04-09-015.jpg 2000w\" sizes=\"auto, (max-width: 199px) 100vw, 199px\" \/><\/p>\n<p><span style=\"color: #800000;\"><strong>Global\u2026<\/strong><\/span><\/p>\n<p><span style=\"color: #993300;\"><strong>\u00bfCu\u00e1l es su visi\u00f3n actual del mundo?<\/strong><\/span><\/p>\n<p>Yo creo que la Tierra est\u00e1 enferma y aunque me gustar\u00eda decir que aun soy optimista, prefiero pasar por pesimista documentado que por optimista iluso. Los graves problemas ambientales a los que nos enfrentamos, no dan pie a la esperanza si no actuamos y lo hacemos r\u00e1pidamente.<\/p>\n<p><span style=\"color: #993300;\"><strong>En su opini\u00f3n, \u00bfQu\u00e9 deber\u00eda hacer la humanidad para contribuir a la soluci\u00f3n de los problemas actuales?<\/strong><\/span><\/p>\n<p>Ante problemas como la sobrepoblaci\u00f3n, cambio clim\u00e1tico, p\u00e9rdida de biodiversidad, agotamiento de recursos, dificultades en el acceso al agua\u2026, deber\u00edamos trabajar desde una estrategia que implique a todos los pa\u00edses y naciones y que involucre a todos los que vivimos en ellas.<\/p>\n<p><span style=\"color: #993300;\"><strong>\u00bfCu\u00e1les son las claves?<\/strong><\/span><\/p>\n<p>Las claves son muchas y las varitas m\u00e1gicas no existen. En el \u00e1mbito de mi trabajo, considero clave concienciar a todos de los problemas como paso previo a su soluci\u00f3n, en la que deber\u00edamos involucrarnos todos.<\/p>\n<p><span style=\"color: #993300;\"><strong>\u00bfCree posible una coexistencia entre el desarrollo industrial y el medio ambiente?<\/strong><\/span><\/p>\n<p>Creo que la soluci\u00f3n ideal reside en no separar ambos y buscar una soluci\u00f3n conjunta. El planteamiento que siguen todas las estrategias de Desarrollo Sostenible, hablan de que es clave la necesidad de conciliarlos, aunque el acuerdo o la implantaci\u00f3n sean verdaderamente dificultosos.<\/p>\n<p><img loading=\"lazy\" decoding=\"async\" class=\"alignnone size-medium wp-image-187 aligncenter\" src=\"https:\/\/www.redextremaduraverde.org\/oficina\/wp-content\/uploads\/2017\/06\/escanear0001-219x300.jpg\" alt=\"\" width=\"219\" height=\"300\" srcset=\"https:\/\/www.redextremaduraverde.org\/oficina\/wp-content\/uploads\/2017\/06\/escanear0001-219x300.jpg 219w, https:\/\/www.redextremaduraverde.org\/oficina\/wp-content\/uploads\/2017\/06\/escanear0001-768x1050.jpg 768w, https:\/\/www.redextremaduraverde.org\/oficina\/wp-content\/uploads\/2017\/06\/escanear0001-749x1024.jpg 749w, https:\/\/www.redextremaduraverde.org\/oficina\/wp-content\/uploads\/2017\/06\/escanear0001.jpg 1142w\" sizes=\"auto, (max-width: 219px) 100vw, 219px\" \/><\/p>\n<p><span style=\"color: #800000;\"><strong>Nuestra regi\u00f3n\u2026<\/strong><\/span><\/p>\n<p><span style=\"color: #993300;\"><strong>\u00bfCu\u00e1l es su opini\u00f3n sobre la estrategia Extremadura 2030?<\/strong><\/span><\/p>\n<p>Pienso que en este momento era absolutamente necesario de cara a abordar el futuro, crear una estrategia a medio y largo plazo que dise\u00f1e un nuevo modelo de desarrollo para Extremadura; y que aunque se dise\u00f1e a largo plazo, exija comenzar desde ahora mismo.<\/p>\n<p><span style=\"color: #993300;\"><strong>\u00bfQui\u00e9nes son para usted los principales protagonistas del cambio?<\/strong><\/span><\/p>\n<p>En este momento todos sin excepci\u00f3n, deber\u00edamos implicarnos, cada uno en funci\u00f3n de su responsabilidad, y quiz\u00e1s por deformaci\u00f3n profesional, pienso que deber\u00edamos comenzar desde las edades m\u00e1s tempranas, ya que existe un viejo principio pedag\u00f3gico que dice que las actitudes que se aprenden en la infancia, permanecen a lo largo de la vida de los individuos y un refr\u00e1n de la zona del Ambroz que dice que \u201clo que se aprende con baba no se olvida con barba\u201d.<\/p>\n<p><span style=\"color: #993300;\"><strong>A partir de su experiencia, \u00bfcu\u00e1les son las principales dificultades para el cambio?<\/strong><\/span><\/p>\n<p>Las principales dificultades muchas veces derivan del cortoplacismo imperante o el \u201cpresentismo\u201d, que solo se preocupa por el presente, o hace que lo urgente no nos deje tiempo para hacer lo necesario. Dec\u00eda Mafalda que \u201cel gran drama de ser presidente del gobierno, es que si te dedicas a solucionar los problemas de estado, no te queda tiempo para gobernar\u201d. Una dificultad a\u00f1adida estriba en la falta de cultura del entendimiento y la negociaci\u00f3n, entre los pol\u00edticos y entre estos y los agentes sociales y con los ciudadanos.<\/p>\n<p><span style=\"color: #993300;\"><strong>\u00bfQu\u00e9 nos va a aportar?<\/strong><\/span><\/p>\n<p>Nuevas oportunidades, nuevos retos, nuevos horizontes y posibilidades de un desarrollo que no cometa los mismos errores del pasado y que apueste por una Extremadura m\u00e1s verde y cercana a la Naturaleza.<\/p>\n<p><span style=\"color: #993300;\"><strong>\u00bfCu\u00e1les son los potenciales de Extremadura?<\/strong><\/span><\/p>\n<p>Sin duda el patrimonio natural, social, y cultural de Extremadura, a los que a\u00f1adir el saber y el ser de las gentes de esta tierra, los que viven aqu\u00ed y lo que se vieron obligados a salir, pero siguen sinti\u00e9ndose profundamente extreme\u00f1os.<\/p>\n<p><img loading=\"lazy\" decoding=\"async\" class=\"alignnone size-medium wp-image-190 aligncenter\" src=\"https:\/\/www.redextremaduraverde.org\/oficina\/wp-content\/uploads\/2017\/06\/separador2-300x64.png\" alt=\"\" width=\"300\" height=\"64\" srcset=\"https:\/\/www.redextremaduraverde.org\/oficina\/wp-content\/uploads\/2017\/06\/separador2-300x64.png 300w, https:\/\/www.redextremaduraverde.org\/oficina\/wp-content\/uploads\/2017\/06\/separador2-600x129.png 600w, https:\/\/www.redextremaduraverde.org\/oficina\/wp-content\/uploads\/2017\/06\/separador2.png 700w\" sizes=\"auto, (max-width: 300px) 100vw, 300px\" \/><\/p>\n","protected":false},"excerpt":{"rendered":"<p>Director de la Oficina Universitaria de Medio Ambiente Jos\u00e9 Mar\u00eda Corrales V\u00e1zquez, natural de Miajadas (C\u00e1ceres), es Profesor Titular de Universidad del \u00c1rea de Did\u00e1ctica de las Ciencias Experimentales del Departamento de las Ciencias Experimentales y las Matem\u00e1ticas de la Universidad de Extremadura<\/p>\n","protected":false},"author":3,"featured_media":171,"comment_status":"open","ping_status":"closed","sticky":false,"template":"","format":"image","meta":{"jetpack_post_was_ever_published":false,"_jetpack_newsletter_access":"","_jetpack_dont_email_post_to_subs":false,"_jetpack_newsletter_tier_id":0,"_jetpack_memberships_contains_paywalled_content":false,"_jetpack_memberships_contains_paid_content":false,"footnotes":""},"categories":[8],"tags":[],"class_list":["post-168","post","type-post","status-publish","format-image","has-post-thumbnail","hentry","category-persona-invitada","post_format-post-format-image"],"jetpack_featured_media_url":"https:\/\/www.redextremaduraverde.org\/oficina\/wp-content\/uploads\/2017\/06\/COIMBRA-096.jpg","jetpack_sharing_enabled":true,"jetpack_shortlink":"https:\/\/wp.me\/p8OUEd-2I","_links":{"self":[{"href":"https:\/\/www.redextremaduraverde.org\/oficina\/wp-json\/wp\/v2\/posts\/168","targetHints":{"allow":["GET"]}}],"collection":[{"href":"https:\/\/www.redextremaduraverde.org\/oficina\/wp-json\/wp\/v2\/posts"}],"about":[{"href":"https:\/\/www.redextremaduraverde.org\/oficina\/wp-json\/wp\/v2\/types\/post"}],"author":[{"embeddable":true,"href":"https:\/\/www.redextremaduraverde.org\/oficina\/wp-json\/wp\/v2\/users\/3"}],"replies":[{"embeddable":true,"href":"https:\/\/www.redextremaduraverde.org\/oficina\/wp-json\/wp\/v2\/comments?post=168"}],"version-history":[{"count":9,"href":"https:\/\/www.redextremaduraverde.org\/oficina\/wp-json\/wp\/v2\/posts\/168\/revisions"}],"predecessor-version":[{"id":904,"href":"https:\/\/www.redextremaduraverde.org\/oficina\/wp-json\/wp\/v2\/posts\/168\/revisions\/904"}],"wp:featuredmedia":[{"embeddable":true,"href":"https:\/\/www.redextremaduraverde.org\/oficina\/wp-json\/wp\/v2\/media\/171"}],"wp:attachment":[{"href":"https:\/\/www.redextremaduraverde.org\/oficina\/wp-json\/wp\/v2\/media?parent=168"}],"wp:term":[{"taxonomy":"category","embeddable":true,"href":"https:\/\/www.redextremaduraverde.org\/oficina\/wp-json\/wp\/v2\/categories?post=168"},{"taxonomy":"post_tag","embeddable":true,"href":"https:\/\/www.redextremaduraverde.org\/oficina\/wp-json\/wp\/v2\/tags?post=168"}],"curies":[{"name":"wp","href":"https:\/\/api.w.org\/{rel}","templated":true}]}}