{"id":140,"date":"2017-06-16T08:05:37","date_gmt":"2017-06-16T08:05:37","guid":{"rendered":"http:\/\/redextremaduraverde.org\/oficina\/?p=140"},"modified":"2017-06-29T11:16:03","modified_gmt":"2017-06-29T11:16:03","slug":"begona-garcia-bernal","status":"publish","type":"post","link":"https:\/\/www.redextremaduraverde.org\/oficina\/2017\/06\/16\/begona-garcia-bernal\/","title":{"rendered":"Bego\u00f1a Garc\u00eda Bernal"},"content":{"rendered":"<p><span style=\"color: #339966;\"><strong>Consejera de Medio Ambiente y Rural, Pol\u00edticas Agrarias y Territorio<\/strong><\/span><\/p>\n<p>Nacida en C\u00e1ceres en 1970, Bego\u00f1a Garc\u00eda Bernal es licenciada en Derecho por la Universidad de Extremadura.<\/p>\n<p>Ha desempe\u00f1ado su tarea profesional en los ayuntamientos de Arroyo de la Luz, C\u00e1ceres y Malpartida de C\u00e1ceres, as\u00ed como en la Mancomunidad de Municipios TajoSalor, en diversas \u00e1reas como desarrollo local, servicios sociales e igualdad. Concretamente, desde 2007 hasta 2015 ejerci\u00f3 como concejala de Recursos Humanos y del departamento de Econom\u00eda y Hacienda, Desarrollo Local y RRHH en el Ayuntamiento de Arroyo de la Luz.<\/p>\n<p>Adem\u00e1s, cuenta con una amplia experiencia y formaci\u00f3n en gesti\u00f3n p\u00fablica, liderazgo, formaci\u00f3n de equipos y gesti\u00f3n de presupuestos. Ha impartido cursos relacionados con el \u00e1rea de desarrollo y coordinado diferentes proyectos transnacionales e internacionales. Asimismo, ha coordinado diversos proyectos relacionados con la igualdad de g\u00e9nero en pa\u00edses como Costa Rica, Bolivia, Dinamarca, El Salvador, Per\u00fa y Ecuador, entre otros.<\/p>\n<p><img loading=\"lazy\" decoding=\"async\" class=\"size-medium wp-image-146 aligncenter\" src=\"https:\/\/www.redextremaduraverde.org\/oficina\/wp-content\/uploads\/2017\/06\/corazones-300x66.png\" alt=\"\" width=\"300\" height=\"66\" srcset=\"https:\/\/www.redextremaduraverde.org\/oficina\/wp-content\/uploads\/2017\/06\/corazones-300x66.png 300w, https:\/\/www.redextremaduraverde.org\/oficina\/wp-content\/uploads\/2017\/06\/corazones.png 425w\" sizes=\"auto, (max-width: 300px) 100vw, 300px\" \/><\/p>\n<p><span style=\"color: #99cc00;\"><strong>En primer lugar, \u00bfqu\u00e9 es Extremadura 2030?<\/strong><\/span><\/p>\n<p>Ante la subida de las temperaturas, el aumento de la desertizaci\u00f3n y los cambios notables en la producci\u00f3n agr\u00edcola, Extremadura no puede permanecer pasiva, dado que \u00abtenemos un tercio de nuestra geograf\u00eda regional bajo alguna figura de protecci\u00f3n ambiental; disponemos de la dehesa, uno de los ecosistemas m\u00e1s singulares y bellos del planeta; disfrutamos de una calidad del aire y unos cielos sin contaminaci\u00f3n lum\u00ednica y una agricultura y una ganader\u00eda capaces de producir alimentos saludables, y de m\u00e1xima calidad en entornos sanos.<\/p>\n<p>Es por ello, que la Comunidad Aut\u00f3noma de Extremadura se dispone a elaborar una estrategia a medio y largo plazo sobre econom\u00eda verde y econom\u00eda circular, y a dise\u00f1ar de una manera integrada y participativa su propio concepto de econom\u00eda verde y circular, denominada \u201cExtremadura 2030\u201d, que nace como compromiso de coordinaci\u00f3n de las diferentes pol\u00edticas p\u00fablicas y \u00e1reas de gobierno de la Junta de Extremadura.<\/p>\n<p>El Modelo Extreme\u00f1o de Econom\u00eda Verde y Econom\u00eda Circular, pretende convertir a nuestra regi\u00f3n en el a\u00f1o 2030 en un referente de estas econom\u00edas con alcance internacional, constituy\u00e9ndose en un modelo con identidad propia, al mismo tiempo que contribuye al bienestar, dignidad y calidad de vida a la ciudadan\u00eda. Este nuevo reto debe suponer un importante esfuerzo para identificar nuestras oportunidades y fortalezas en la finalidad de generar riqueza y empleo y, convertir a la regi\u00f3n en un ecosistema de innovaci\u00f3n para liderar la nueva econom\u00eda.<\/p>\n<p><span style=\"color: #99cc00;\"><strong>\u00bfQui\u00e9nes est\u00e1n implicados?<\/strong><\/span><\/p>\n<p>La estrategia para el desarrollo de la econom\u00eda verde y la econom\u00eda circular ha de abordarse desde un enfoque integrador, desde el punto de vista social, econ\u00f3mico y ambiental.<\/p>\n<p>Es por ello que est\u00e1n implicados, la ciudadan\u00eda y organizaciones ciudadanas de Extremadura, ya sean personas a t\u00edtulo individual o los representantes de las organizaciones ciudadanas, el tejido productivo: representantes de las empresas, organizaciones sindicales, asociaciones profesionales, clusters, etc., las administraciones p\u00fablicas de \u00e1mbito local, provincial, regional y sus representantes institucionales o profesionales, y el Sector del conocimiento: centros educativos, centros cient\u00edficos y tecnol\u00f3gicos, universidad.<\/p>\n<p>El proceso de participaci\u00f3n y concertaci\u00f3n se llevar\u00e1 a cabo en tres niveles diferenciados:<\/p>\n<ol>\n<li>La concertaci\u00f3n social con las organizaciones sindicales y empresariales m\u00e1s representativas de la regi\u00f3n legitimadas por la ley 3\/2003 de 13 de marzo sobre participaci\u00f3n institucional de los agentes sociales m\u00e1s representativos.<\/li>\n<li>El acuerdo pol\u00edtico, entre los diferentes partidos con representaci\u00f3n parlamentaria.<\/li>\n<li>Con todo ello, los principales hitos que hasta el momento marcan la hoja de ruta de Extremadura 2030 son los siguientes:\n<ul>\n<li>16 de julio de 2016.- Presentaci\u00f3n de la Estrategia por el Presidente de la Junta de Extremadura, D\u00ba. Guillermo Fern\u00e1ndez Vara, en el Debate de Estado de la Regi\u00f3n.<\/li>\n<li>29 de noviembre de 2016.- Aprobaci\u00f3n del Marco Inicial de Impulso a la Econom\u00eda Verde y la Econom\u00eda Circular por el Consejo de Gobierno de la Junta de Extremadura.<\/li>\n<li>22 de marzo de 2017.- Firma del Acuerdo para la construcci\u00f3n de una Estrategia de Econom\u00eda Verde y Circular para Extremadura, por parte de la Junta de Extremadura y los Agentes Sociales: UGT EXTREMADURA, CCOO EXTREMADURA y CREEX EXTREMADURA.<\/li>\n<li>6 de abril de 2017.- Aprobaci\u00f3n del Marco Regional de Impulso a la Econom\u00eda Verde y Econom\u00eda Circular en Extremadura por parte de la Asamblea de Extremadura, en el debate monogr\u00e1fico celebrado sobre la materia.<\/li>\n<li>A partir de junio de 2017 se iniciar\u00e1 el proceso masivo de participaci\u00f3n ciudadana, Organizaciones y Asociaciones que sirva para la construcci\u00f3n de la Estrategia.<\/li>\n<\/ul>\n<\/li>\n<\/ol>\n<p>La participaci\u00f3n ciudadana, que recoger\u00e1 las aportaciones de todos los colectivos, entidades, asociaciones, colegios profesionales, y de cualquier ciudadano\/a de la regi\u00f3n extreme\u00f1<\/p>\n<p>La concertaci\u00f3n social con las organizaciones sindicales y empresariales m\u00e1s representativas de la regi\u00f3n legitimadas por la ley 3\/2003 de 13 de marzo sobre participaci\u00f3n institucional de los agentes sociales m\u00e1s representativos.<\/p>\n<p><span style=\"color: #99cc00;\"><strong>\u00bfQu\u00e9 pueden hacer los extreme\u00f1os y extreme\u00f1as interesadas?<\/strong><\/span><\/p>\n<p>Cualquier ciudadano o ciudadana, ayuntamiento, mancomunidad, asociaci\u00f3n, colectivo, entidad, empresa, aut\u00f3nomo, centro educativo, centro de investigaci\u00f3n, o cualquier interesado o interesada de la regi\u00f3n extreme\u00f1a en Extremadura 2030, puede informarse o formar parte del modelo de econom\u00eda verde y econom\u00eda circular de Extremadura a trav\u00e9s de la p\u00e1gina web <a href=\"http:\/\/www.extremadura2030.com\">www.extremadura2030.com<\/a>.<\/p>\n<p>En dicha p\u00e1gina web hay un apartado de contacto, a trav\u00e9s del cual se puede solicitar mayor informaci\u00f3n, concertar una cita personal o aportando iniciativas que contribuyan a dise\u00f1ar y elaborar en nuestra regi\u00f3n un modelo extreme\u00f1o de econom\u00eda verde y circular.<\/p>\n<p>Algunas de dichas iniciativas pueden ser:<\/p>\n<ul>\n<li>Capacit\u00e1ndote mediante la Escuela MOOC que pondr\u00e1 en marcha en breve espacio de tiempo un curso de liderazgo verde de cerca de 300 horas de duraci\u00f3n.<\/li>\n<li>Catalogando experiencias o pr\u00e1cticas olvidadas relacionadas con costumbres locales que formar\u00e1n parte del banco de la memoria verde de Extremadura.<\/li>\n<li>Desarrollando tu propio Plan Estrat\u00e9gico verde y circular<\/li>\n<li>Organizando o participando en jornadas, encuentros exposiciones, etc.<\/li>\n<li>Participar en la creaci\u00f3n y desarrollo de bancos municipales de tierras y de semillas, bancos de naturaleza, sumideros de carbono, iniciativas agroecol\u00f3gicas, huertos escolares, iniciativas de custodia<\/li>\n<li>Innovando \u2013 Emprendiendo: agroecolog\u00eda, bancos municipales de tierras y semillas, bancos de conservaci\u00f3n, plantas locales de compostaje, etc.<\/li>\n<li>Promoviendo el turismo verde y el deporte de naturaleza.<\/li>\n<li>Formando parte de las redes colaborativas y sociales verde y circular, etc<\/li>\n<\/ul>\n<p><span style=\"color: #99cc00;\"><strong>\u00bfEn qu\u00e9 afecta a las personas, municipios y empresas?<\/strong><\/span><\/p>\n<p>Extremadura 2030 supone un gran reto de transformaci\u00f3n profunda sobre una base ciudadana, empresarial y de la Administraci\u00f3n m\u00e1s activa, participativa y emprendedora con el fin de aumentar nuestro nivel de vida y bienestar, compartiendo un mundo m\u00e1s habitable y sostenible.<\/p>\n<p>Extremadura 2030 implica un nuevo compromiso con la educaci\u00f3n, el emprendimiento y una nueva forma de liderar y dirigir nuestras vidas, redirigiendo nuestros trabajos, empresas y profesiones, pensando en verde y actuando en verde; transitando hacia un nuevo modelo productivo, formando, capacitando, concienciando y educando a la ciudadan\u00eda con nuevos modelos e instrumentos, fomentando nuevos empleos y profesiones verdes, generando conocimiento a trav\u00e9s de la investigaci\u00f3n y la innovaci\u00f3n.<\/p>\n<table style=\"height: 148px;\" width=\"578\">\n<tbody>\n<tr>\n<td>\n<p style=\"text-align: center;\"><span style=\"color: #ff6600;\"><strong>\u201cEl modelo extreme\u00f1o de econom\u00eda verde y econom\u00eda circular, pretende convertir a nuestra regi\u00f3n en el a\u00f1o 2030 en un referente de estas econom\u00edas con alcance internacional, constituy\u00e9ndose en un modelo con identidad propia, al mismo tiempo que contribuye al bienestar, dignidad y calidad de vida a la ciudadan\u00eda\u201d<\/strong><\/span><\/p>\n<\/td>\n<\/tr>\n<\/tbody>\n<\/table>\n<p><span style=\"color: #99cc00;\"><strong>\u00a0\u00bfQu\u00e9 valor a\u00f1adido va a generar?<\/strong><\/span><\/p>\n<p>Trabajar en torno a la econom\u00eda verde y circular no es una actividad marginal, es un instrumento para aumentar nuestro nivel de vida y bienestar, adem\u00e1s de compartir y construir un mundo m\u00e1s habitable y sostenible.<\/p>\n<p>Todos somos potenciales proveedores y clientes de productos y servicios verdes, todos somos actores y beneficiarios en este proceso. Todos tenemos un papel que jugar, una ganancia, una oportunidad, todos estamos convocados a participar y compartir de esta formidable tarea colectiva.<\/p>\n<p>Es posible conciliar las aspiraciones de lograr un aumento en la calidad de vida global dentro de los l\u00edmites f\u00edsicos y biol\u00f3gicos de nuestros ecosistemas.<\/p>\n<p>Podemos convertir la amenaza del cambio clim\u00e1tico en una oportunidad para redise\u00f1ar nuestro mundo si incorporamos el pensar y el hacer en verde en todas nuestras actividades.<\/p>\n<p>Pasarnos al verde implica un nuevo compromiso con la educaci\u00f3n, el emprendimiento y una nueva forma de liderar y dirigir nuestras vidas.<\/p>\n<p>Para que haya futuro, deberemos orientar y reinventar nuestros trabajos, empresas y profesiones dentro del marchamo \u00abverde\u00bb. Una tarea que asumimos como propia desde Extremadura 2030.<\/p>\n<p><span style=\"color: #99cc00;\"><strong>\u00bfTiene Extremadura las condiciones para una estrategia as\u00ed?<\/strong><\/span><\/p>\n<p>Extremadura tiene las condiciones id\u00f3neas para una estrategia de estas caracter\u00edsticas, dada su gran riqueza territorial.<\/p>\n<p>Extremadura presenta una excelente calidad ambiental y natural, es la segunda regi\u00f3n exportadora de energ\u00eda y la primera del mundo que cubre sus necesidades con energ\u00eda procedente del sol. 1\/3 del total de agua embalsada en Espa\u00f1a se encuentra en Extremadura.<\/p>\n<p>Extremadura dispone de 502 especies protegidas, siendo primera reserva del mundo en: buitres negros, \u00e1guila imperial y cig\u00fce\u00f1a negra. El 31% de la superficie est\u00e1 protegida, destacan el Parque Nacional de Monfrag\u00fce, los Parques Naturales de Cornalvo y Tajo Internacional, la Reserva Natural \u201cGarganta de los Infiernos\u201d, el Geoparque \u201cVilluercas, Ibores y Jara\u201d. La regi\u00f3n presenta 4 Monumentos Naturales, 1 Paisaje Protegido y 4 Zonas de Inter\u00e9s Regional.<\/p>\n<p>Por otro lado, la industria agroalimentaria en Extremadura es extraordinaria y de calidad. En los sectores agrario y agroalimentario de la regi\u00f3n se desarrollan actividades fuertemente vinculadas al territorio, lo que les confiere el car\u00e1cter de motor de la actividad econ\u00f3mica en los n\u00facleos rurales y un factor fundamental para fijar su poblaci\u00f3n. Ligado a la calidad agroalimentaria, Extremadura dispone 12 Denominaciones de Origen e Indicaciones Geogr\u00e1ficas protegidas.<\/p>\n<p>Adem\u00e1s, tenemos algo fundamental y b\u00e1sico como es el capital humano con deseo de cambiar el futuro de nuestra regi\u00f3n hacia modelos m\u00e1s sostenibles que respeten el medio ambiente y que tenga capacidad para generar empleos de calidad.<\/p>\n<p><span style=\"color: #99cc00;\"><strong>\u00bfC\u00f3mo se imagina la Extremadura del futuro?, \u00bfcu\u00e1l es su visi\u00f3n?<\/strong><\/span><\/p>\n<p>La Extremadura del futuro ser\u00e1 m\u00e1s verde y circular, donde empresas, municipios y entidades estar\u00e1n desarrollando proyectos totalmente sostenibles. Verdaderamente, hablar de futuro en Extremadura, es hablar de una regi\u00f3n totalmente concienciada en la econom\u00eda verde y circular. Para la regi\u00f3n, la econom\u00eda verde y la econom\u00eda circular son una alternativa en la que tenemos que centrar nuestros esfuerzos, para lograr el cambio de modelo productivo.<\/p>\n<p>La econom\u00eda verde y circular implican activamente las esferas ambiental, social y econ\u00f3mica; exige el esfuerzo de toda la sociedad y nos convoca a una transformaci\u00f3n profunda sobre una base ciudadana m\u00e1s activa, participativa, emprendedora y capaz de liderar su futuro.<\/p>\n<p>El futuro pasar\u00e1 por el cambio de paradigma de un modelo industrial inviable a otro basado en la sostenibilidad, ser\u00e1 un trabajo colectivo, que exigir\u00e1 lo mejor de cada una de las personas de nuestra comunidad, refrendando ese esfuerzo desde todas las instituciones, organizaciones y \u00e1reas de gobierno de la Junta de Extremadura.<\/p>\n<p>Extremadura 2030 supone un reto tan importante que est\u00e1 por encima de nuestras diferencias particulares, ideolog\u00edas pol\u00edticas o identidades. Es un proyecto colectivo donde todos y todas somos protagonistas; donde tenemos que visibilizar y poner en valor a las personas y entidades que est\u00e1n involucradas y comprometidas con la creaci\u00f3n de un mundo sostenible.<\/p>\n<p><img loading=\"lazy\" decoding=\"async\" class=\"size-medium wp-image-152 aligncenter\" src=\"https:\/\/www.redextremaduraverde.org\/oficina\/wp-content\/uploads\/2017\/06\/BEGO\u00d1A-CONAMA-300x225.jpg\" alt=\"\" width=\"300\" height=\"225\" srcset=\"https:\/\/www.redextremaduraverde.org\/oficina\/wp-content\/uploads\/2017\/06\/BEGO\u00d1A-CONAMA-300x225.jpg 300w, https:\/\/www.redextremaduraverde.org\/oficina\/wp-content\/uploads\/2017\/06\/BEGO\u00d1A-CONAMA-768x576.jpg 768w, https:\/\/www.redextremaduraverde.org\/oficina\/wp-content\/uploads\/2017\/06\/BEGO\u00d1A-CONAMA.jpg 960w, https:\/\/www.redextremaduraverde.org\/oficina\/wp-content\/uploads\/2017\/06\/BEGO\u00d1A-CONAMA-400x300.jpg 400w\" sizes=\"auto, (max-width: 300px) 100vw, 300px\" \/><\/p>\n","protected":false},"excerpt":{"rendered":"<p>Consejera de Medio Ambiente y Rural, Pol\u00edticas Agrarias y Territorio Nacida en C\u00e1ceres en 1970, Bego\u00f1a Garc\u00eda Bernal es licenciada en Derecho por la Universidad de Extremadura. Ha desempe\u00f1ado su tarea profesional en los ayuntamientos de Arroyo de la Luz, C\u00e1ceres y Malpartida de C\u00e1ceres, as\u00ed como en la Mancomunidad de Municipios TajoSalor, en diversas&#8230; <\/p>\n<div class=\"link-more\"><a href=\"https:\/\/www.redextremaduraverde.org\/oficina\/2017\/06\/16\/begona-garcia-bernal\/\">Lea m\u00e1s<\/a><\/div>\n","protected":false},"author":3,"featured_media":137,"comment_status":"open","ping_status":"closed","sticky":false,"template":"","format":"standard","meta":{"jetpack_post_was_ever_published":false,"_jetpack_newsletter_access":"","_jetpack_dont_email_post_to_subs":false,"_jetpack_newsletter_tier_id":0,"_jetpack_memberships_contains_paywalled_content":false,"_jetpack_memberships_contains_paid_content":false,"footnotes":""},"categories":[7],"tags":[],"class_list":["post-140","post","type-post","status-publish","format-standard","has-post-thumbnail","hentry","category-entrevistas"],"jetpack_featured_media_url":"https:\/\/www.redextremaduraverde.org\/oficina\/wp-content\/uploads\/2017\/06\/BEGO\u00d1A-COTEC-e1497599861687.jpg","jetpack_sharing_enabled":true,"jetpack_shortlink":"https:\/\/wp.me\/p8OUEd-2g","_links":{"self":[{"href":"https:\/\/www.redextremaduraverde.org\/oficina\/wp-json\/wp\/v2\/posts\/140","targetHints":{"allow":["GET"]}}],"collection":[{"href":"https:\/\/www.redextremaduraverde.org\/oficina\/wp-json\/wp\/v2\/posts"}],"about":[{"href":"https:\/\/www.redextremaduraverde.org\/oficina\/wp-json\/wp\/v2\/types\/post"}],"author":[{"embeddable":true,"href":"https:\/\/www.redextremaduraverde.org\/oficina\/wp-json\/wp\/v2\/users\/3"}],"replies":[{"embeddable":true,"href":"https:\/\/www.redextremaduraverde.org\/oficina\/wp-json\/wp\/v2\/comments?post=140"}],"version-history":[{"count":11,"href":"https:\/\/www.redextremaduraverde.org\/oficina\/wp-json\/wp\/v2\/posts\/140\/revisions"}],"predecessor-version":[{"id":143,"href":"https:\/\/www.redextremaduraverde.org\/oficina\/wp-json\/wp\/v2\/posts\/140\/revisions\/143"}],"wp:featuredmedia":[{"embeddable":true,"href":"https:\/\/www.redextremaduraverde.org\/oficina\/wp-json\/wp\/v2\/media\/137"}],"wp:attachment":[{"href":"https:\/\/www.redextremaduraverde.org\/oficina\/wp-json\/wp\/v2\/media?parent=140"}],"wp:term":[{"taxonomy":"category","embeddable":true,"href":"https:\/\/www.redextremaduraverde.org\/oficina\/wp-json\/wp\/v2\/categories?post=140"},{"taxonomy":"post_tag","embeddable":true,"href":"https:\/\/www.redextremaduraverde.org\/oficina\/wp-json\/wp\/v2\/tags?post=140"}],"curies":[{"name":"wp","href":"https:\/\/api.w.org\/{rel}","templated":true}]}}