{"id":1010,"date":"2018-03-26T10:12:06","date_gmt":"2018-03-26T10:12:06","guid":{"rendered":"http:\/\/redextremaduraverde.org\/oficina\/?p=1010"},"modified":"2018-03-26T10:12:06","modified_gmt":"2018-03-26T10:12:06","slug":"vota-por-el-rincon-mas-bonito-de-la-red-natura-2000-de-espana","status":"publish","type":"post","link":"https:\/\/www.redextremaduraverde.org\/oficina\/2018\/03\/26\/vota-por-el-rincon-mas-bonito-de-la-red-natura-2000-de-espana\/","title":{"rendered":"VOTA POR \u00abEL RINC\u00d3N M\u00c1S BONITO DE LA RED NATURA 2000 DE ESPA\u00d1A\u00bb"},"content":{"rendered":"<div><img loading=\"lazy\" decoding=\"async\" class=\"alignnone  wp-image-1011\" src=\"https:\/\/www.redextremaduraverde.org\/oficina\/wp-content\/uploads\/2018\/03\/vota_rincon_rn-300x177.jpg\" alt=\"\" width=\"649\" height=\"383\" srcset=\"https:\/\/www.redextremaduraverde.org\/oficina\/wp-content\/uploads\/2018\/03\/vota_rincon_rn-300x177.jpg 300w, https:\/\/www.redextremaduraverde.org\/oficina\/wp-content\/uploads\/2018\/03\/vota_rincon_rn.jpg 400w\" sizes=\"auto, (max-width: 649px) 100vw, 649px\" \/><\/div>\n<div><strong>\u00bfCrees que el espacio Natura 2000 donde t\u00fa vives es el m\u00e1s bonito de Espa\u00f1a?<\/strong><\/div>\n<div><\/div>\n<div><strong>YA PUEDES VOTAR EL RINC\u00d3N M\u00c1S BONITO DE LA RED NATURA 2000<\/strong><\/div>\n<div><\/div>\n<div>Hasta el d\u00eda 26 de marzo pueden votarse las candidaturas seleccionadas para optar al rinc\u00f3n m\u00e1s bonito de la Red Natura 2000 de Espa\u00f1a.<\/div>\n<div><\/div>\n<div><a href=\"http:\/\/www.infonatur.es\/index.php\/es\/eventos\/673-vota-por-el-rincon-mas-bonito-de-la-red-natura-2000-de-espana.html\" target=\"_blank\" rel=\"noopener\">Puedes hacerlo a trav\u00e9s de este enlace por intenet o por twitter<\/a><\/p>\n<\/div>\n<div>\u00a1Entre todos conseguiremos saber cu\u00e1l es el rinc\u00f3n m\u00e1s bonito de la Red Natura 2000 de Espa\u00f1a!<\/div>\n","protected":false},"excerpt":{"rendered":"<p>\u00bfCrees que el espacio Natura 2000 donde t\u00fa vives es el m\u00e1s bonito de Espa\u00f1a? YA PUEDES VOTAR EL RINC\u00d3N M\u00c1S BONITO DE LA RED NATURA 2000 Hasta el d\u00eda 26 de marzo pueden votarse las candidaturas seleccionadas para optar al rinc\u00f3n m\u00e1s bonito de la Red Natura 2000 de Espa\u00f1a. Puedes hacerlo a trav\u00e9s&#8230; <\/p>\n<div class=\"link-more\"><a href=\"https:\/\/www.redextremaduraverde.org\/oficina\/2018\/03\/26\/vota-por-el-rincon-mas-bonito-de-la-red-natura-2000-de-espana\/\">Lea m\u00e1s<\/a><\/div>\n","protected":false},"author":3,"featured_media":1011,"comment_status":"open","ping_status":"closed","sticky":false,"template":"","format":"standard","meta":{"jetpack_post_was_ever_published":false,"_jetpack_newsletter_access":"","_jetpack_dont_email_post_to_subs":false,"_jetpack_newsletter_tier_id":0,"_jetpack_memberships_contains_paywalled_content":false,"_jetpack_memberships_contains_paid_content":false,"footnotes":""},"categories":[6],"tags":[],"class_list":["post-1010","post","type-post","status-publish","format-standard","has-post-thumbnail","hentry","category-convocatorias"],"jetpack_featured_media_url":"https:\/\/www.redextremaduraverde.org\/oficina\/wp-content\/uploads\/2018\/03\/vota_rincon_rn.jpg","jetpack_sharing_enabled":true,"jetpack_shortlink":"https:\/\/wp.me\/p8OUEd-gi","_links":{"self":[{"href":"https:\/\/www.redextremaduraverde.org\/oficina\/wp-json\/wp\/v2\/posts\/1010","targetHints":{"allow":["GET"]}}],"collection":[{"href":"https:\/\/www.redextremaduraverde.org\/oficina\/wp-json\/wp\/v2\/posts"}],"about":[{"href":"https:\/\/www.redextremaduraverde.org\/oficina\/wp-json\/wp\/v2\/types\/post"}],"author":[{"embeddable":true,"href":"https:\/\/www.redextremaduraverde.org\/oficina\/wp-json\/wp\/v2\/users\/3"}],"replies":[{"embeddable":true,"href":"https:\/\/www.redextremaduraverde.org\/oficina\/wp-json\/wp\/v2\/comments?post=1010"}],"version-history":[{"count":1,"href":"https:\/\/www.redextremaduraverde.org\/oficina\/wp-json\/wp\/v2\/posts\/1010\/revisions"}],"predecessor-version":[{"id":1012,"href":"https:\/\/www.redextremaduraverde.org\/oficina\/wp-json\/wp\/v2\/posts\/1010\/revisions\/1012"}],"wp:featuredmedia":[{"embeddable":true,"href":"https:\/\/www.redextremaduraverde.org\/oficina\/wp-json\/wp\/v2\/media\/1011"}],"wp:attachment":[{"href":"https:\/\/www.redextremaduraverde.org\/oficina\/wp-json\/wp\/v2\/media?parent=1010"}],"wp:term":[{"taxonomy":"category","embeddable":true,"href":"https:\/\/www.redextremaduraverde.org\/oficina\/wp-json\/wp\/v2\/categories?post=1010"},{"taxonomy":"post_tag","embeddable":true,"href":"https:\/\/www.redextremaduraverde.org\/oficina\/wp-json\/wp\/v2\/tags?post=1010"}],"curies":[{"name":"wp","href":"https:\/\/api.w.org\/{rel}","templated":true}]}}